{"id":5247,"count":1,"description":"","link":"https:\/\/www.cordobatimes.com\/showup\/tag\/hablo-ingrid-grudke-depsues-de-la-muerte-de-jorge-ibanez\/","name":"habl\u00f3 Ingrid Grudke depsues de la muerte de Jorge Ib\u00e1\u00f1ez","slug":"hablo-ingrid-grudke-depsues-de-la-muerte-de-jorge-ibanez","taxonomy":"post_tag","meta":[],"_links":{"self":[{"href":"https:\/\/www.cordobatimes.com\/showup\/wp-json\/wp\/v2\/tags\/5247","targetHints":{"allow":["GET"]}}],"collection":[{"href":"https:\/\/www.cordobatimes.com\/showup\/wp-json\/wp\/v2\/tags"}],"about":[{"href":"https:\/\/www.cordobatimes.com\/showup\/wp-json\/wp\/v2\/taxonomies\/post_tag"}],"wp:post_type":[{"href":"https:\/\/www.cordobatimes.com\/showup\/wp-json\/wp\/v2\/posts?tags=5247"}],"curies":[{"name":"wp","href":"https:\/\/api.w.org\/{rel}","templated":true}]}}