{"id":41415,"count":1,"description":"","link":"https:\/\/www.cordobatimes.com\/showup\/tag\/wanda-nara-y-rusherking-hablaron-del-auto-que-el-le-regalo-a-la-china-suarez\/","name":"Wanda Nara y Rusherking hablaron del auto que \u00e9l le regal\u00f3 a la China Su\u00e1rez","slug":"wanda-nara-y-rusherking-hablaron-del-auto-que-el-le-regalo-a-la-china-suarez","taxonomy":"post_tag","meta":[],"_links":{"self":[{"href":"https:\/\/www.cordobatimes.com\/showup\/wp-json\/wp\/v2\/tags\/41415","targetHints":{"allow":["GET"]}}],"collection":[{"href":"https:\/\/www.cordobatimes.com\/showup\/wp-json\/wp\/v2\/tags"}],"about":[{"href":"https:\/\/www.cordobatimes.com\/showup\/wp-json\/wp\/v2\/taxonomies\/post_tag"}],"wp:post_type":[{"href":"https:\/\/www.cordobatimes.com\/showup\/wp-json\/wp\/v2\/posts?tags=41415"}],"curies":[{"name":"wp","href":"https:\/\/api.w.org\/{rel}","templated":true}]}}