{"id":40818,"count":1,"description":"","link":"https:\/\/www.cordobatimes.com\/showup\/tag\/nicolas-cabre-y-rocio-pardo-se-casaron\/","name":"Nicol\u00e1s Cabr\u00e9 y Roc\u00edo Pardo se casaron","slug":"nicolas-cabre-y-rocio-pardo-se-casaron","taxonomy":"post_tag","meta":[],"_links":{"self":[{"href":"https:\/\/www.cordobatimes.com\/showup\/wp-json\/wp\/v2\/tags\/40818","targetHints":{"allow":["GET"]}}],"collection":[{"href":"https:\/\/www.cordobatimes.com\/showup\/wp-json\/wp\/v2\/tags"}],"about":[{"href":"https:\/\/www.cordobatimes.com\/showup\/wp-json\/wp\/v2\/taxonomies\/post_tag"}],"wp:post_type":[{"href":"https:\/\/www.cordobatimes.com\/showup\/wp-json\/wp\/v2\/posts?tags=40818"}],"curies":[{"name":"wp","href":"https:\/\/api.w.org\/{rel}","templated":true}]}}