{"id":40565,"count":1,"description":"","link":"https:\/\/www.cordobatimes.com\/showup\/tag\/raul-rocha-cantu-dueno-de-miss-universo\/","name":"Ra\u00fal Rocha Cant\u00fa due\u00f1o de Miss Universo","slug":"raul-rocha-cantu-dueno-de-miss-universo","taxonomy":"post_tag","meta":[],"_links":{"self":[{"href":"https:\/\/www.cordobatimes.com\/showup\/wp-json\/wp\/v2\/tags\/40565","targetHints":{"allow":["GET"]}}],"collection":[{"href":"https:\/\/www.cordobatimes.com\/showup\/wp-json\/wp\/v2\/tags"}],"about":[{"href":"https:\/\/www.cordobatimes.com\/showup\/wp-json\/wp\/v2\/taxonomies\/post_tag"}],"wp:post_type":[{"href":"https:\/\/www.cordobatimes.com\/showup\/wp-json\/wp\/v2\/posts?tags=40565"}],"curies":[{"name":"wp","href":"https:\/\/api.w.org\/{rel}","templated":true}]}}