{"id":40166,"count":1,"description":"","link":"https:\/\/www.cordobatimes.com\/showup\/tag\/vestido-blanco-que-marilyn-monroe-uso-en-la-comezon-del-septimo-ano\/","name":"vestido blanco que Marilyn Monroe us\u00f3 en La comez\u00f3n del s\u00e9ptimo a\u00f1o","slug":"vestido-blanco-que-marilyn-monroe-uso-en-la-comezon-del-septimo-ano","taxonomy":"post_tag","meta":[],"_links":{"self":[{"href":"https:\/\/www.cordobatimes.com\/showup\/wp-json\/wp\/v2\/tags\/40166","targetHints":{"allow":["GET"]}}],"collection":[{"href":"https:\/\/www.cordobatimes.com\/showup\/wp-json\/wp\/v2\/tags"}],"about":[{"href":"https:\/\/www.cordobatimes.com\/showup\/wp-json\/wp\/v2\/taxonomies\/post_tag"}],"wp:post_type":[{"href":"https:\/\/www.cordobatimes.com\/showup\/wp-json\/wp\/v2\/posts?tags=40166"}],"curies":[{"name":"wp","href":"https:\/\/api.w.org\/{rel}","templated":true}]}}