{"id":32094,"count":1,"description":"","link":"https:\/\/www.cordobatimes.com\/showup\/tag\/re-loca-pelicula-argentina-mas-vista-del-ano\/","name":"Re loca pel\u00edcula argentina m\u00e1s vista del a\u00f1o","slug":"re-loca-pelicula-argentina-mas-vista-del-ano","taxonomy":"post_tag","meta":[],"_links":{"self":[{"href":"https:\/\/www.cordobatimes.com\/showup\/wp-json\/wp\/v2\/tags\/32094","targetHints":{"allow":["GET"]}}],"collection":[{"href":"https:\/\/www.cordobatimes.com\/showup\/wp-json\/wp\/v2\/tags"}],"about":[{"href":"https:\/\/www.cordobatimes.com\/showup\/wp-json\/wp\/v2\/taxonomies\/post_tag"}],"wp:post_type":[{"href":"https:\/\/www.cordobatimes.com\/showup\/wp-json\/wp\/v2\/posts?tags=32094"}],"curies":[{"name":"wp","href":"https:\/\/api.w.org\/{rel}","templated":true}]}}