{"id":31924,"count":1,"description":"","link":"https:\/\/www.cordobatimes.com\/showup\/tag\/lito-vitale-convoco-a-lali-esposito-y-david-lebon\/","name":"Lito Vitale convoc\u00f3 a Lali Esp\u00f3sito y David Leb\u00f3n","slug":"lito-vitale-convoco-a-lali-esposito-y-david-lebon","taxonomy":"post_tag","meta":[],"_links":{"self":[{"href":"https:\/\/www.cordobatimes.com\/showup\/wp-json\/wp\/v2\/tags\/31924","targetHints":{"allow":["GET"]}}],"collection":[{"href":"https:\/\/www.cordobatimes.com\/showup\/wp-json\/wp\/v2\/tags"}],"about":[{"href":"https:\/\/www.cordobatimes.com\/showup\/wp-json\/wp\/v2\/taxonomies\/post_tag"}],"wp:post_type":[{"href":"https:\/\/www.cordobatimes.com\/showup\/wp-json\/wp\/v2\/posts?tags=31924"}],"curies":[{"name":"wp","href":"https:\/\/api.w.org\/{rel}","templated":true}]}}