{"id":31319,"count":1,"description":"","link":"https:\/\/www.cordobatimes.com\/showup\/tag\/poca-participacion-de-lali-esposito-en-la-gala-de-vina\/","name":"poca participaci\u00f3n de Lali Esp\u00f3sito en La Gala de Vi\u00f1a","slug":"poca-participacion-de-lali-esposito-en-la-gala-de-vina","taxonomy":"post_tag","meta":[],"_links":{"self":[{"href":"https:\/\/www.cordobatimes.com\/showup\/wp-json\/wp\/v2\/tags\/31319","targetHints":{"allow":["GET"]}}],"collection":[{"href":"https:\/\/www.cordobatimes.com\/showup\/wp-json\/wp\/v2\/tags"}],"about":[{"href":"https:\/\/www.cordobatimes.com\/showup\/wp-json\/wp\/v2\/taxonomies\/post_tag"}],"wp:post_type":[{"href":"https:\/\/www.cordobatimes.com\/showup\/wp-json\/wp\/v2\/posts?tags=31319"}],"curies":[{"name":"wp","href":"https:\/\/api.w.org\/{rel}","templated":true}]}}