{"id":31148,"count":1,"description":"","link":"https:\/\/www.cordobatimes.com\/showup\/tag\/nicolas-cabre-hablo-de-su-relacion-con-la-china-suarez\/","name":"Nicol\u00e1s Cabr\u00e9 habl\u00f3 de su relaci\u00f3n con La China Su\u00e1rez","slug":"nicolas-cabre-hablo-de-su-relacion-con-la-china-suarez","taxonomy":"post_tag","meta":[],"_links":{"self":[{"href":"https:\/\/www.cordobatimes.com\/showup\/wp-json\/wp\/v2\/tags\/31148","targetHints":{"allow":["GET"]}}],"collection":[{"href":"https:\/\/www.cordobatimes.com\/showup\/wp-json\/wp\/v2\/tags"}],"about":[{"href":"https:\/\/www.cordobatimes.com\/showup\/wp-json\/wp\/v2\/taxonomies\/post_tag"}],"wp:post_type":[{"href":"https:\/\/www.cordobatimes.com\/showup\/wp-json\/wp\/v2\/posts?tags=31148"}],"curies":[{"name":"wp","href":"https:\/\/api.w.org\/{rel}","templated":true}]}}