{"id":31077,"count":2,"description":"","link":"https:\/\/www.cordobatimes.com\/showup\/tag\/lali-esposito-jurado-en-el-festival-de-vina-del-mar\/","name":"Lali Esp\u00f3sito jurado en \u00e9l Festival de Vi\u00f1a del Mar","slug":"lali-esposito-jurado-en-el-festival-de-vina-del-mar","taxonomy":"post_tag","meta":[],"_links":{"self":[{"href":"https:\/\/www.cordobatimes.com\/showup\/wp-json\/wp\/v2\/tags\/31077","targetHints":{"allow":["GET"]}}],"collection":[{"href":"https:\/\/www.cordobatimes.com\/showup\/wp-json\/wp\/v2\/tags"}],"about":[{"href":"https:\/\/www.cordobatimes.com\/showup\/wp-json\/wp\/v2\/taxonomies\/post_tag"}],"wp:post_type":[{"href":"https:\/\/www.cordobatimes.com\/showup\/wp-json\/wp\/v2\/posts?tags=31077"}],"curies":[{"name":"wp","href":"https:\/\/api.w.org\/{rel}","templated":true}]}}