{"id":29740,"count":1,"description":"","link":"https:\/\/www.cordobatimes.com\/showup\/tag\/llamenme-francisco-el-papa-de-la-gente-pelicula-biografica-de-jorge-bergoglio\/","name":"Ll\u00e1menme Francisco el Papa de la gente pel\u00edcula biogr\u00e1fica de Jorge Bergoglio","slug":"llamenme-francisco-el-papa-de-la-gente-pelicula-biografica-de-jorge-bergoglio","taxonomy":"post_tag","meta":[],"_links":{"self":[{"href":"https:\/\/www.cordobatimes.com\/showup\/wp-json\/wp\/v2\/tags\/29740","targetHints":{"allow":["GET"]}}],"collection":[{"href":"https:\/\/www.cordobatimes.com\/showup\/wp-json\/wp\/v2\/tags"}],"about":[{"href":"https:\/\/www.cordobatimes.com\/showup\/wp-json\/wp\/v2\/taxonomies\/post_tag"}],"wp:post_type":[{"href":"https:\/\/www.cordobatimes.com\/showup\/wp-json\/wp\/v2\/posts?tags=29740"}],"curies":[{"name":"wp","href":"https:\/\/api.w.org\/{rel}","templated":true}]}}