{"id":29629,"count":1,"description":"","link":"https:\/\/www.cordobatimes.com\/showup\/tag\/esperanza-mia-la-ficcion-que-protagonizara-lali-y-mariano-martinez\/","name":"Esperanza M\u00eda la ficci\u00f3n que protagonizar\u00e1 Lali y Mariano Mart\u00ednez","slug":"esperanza-mia-la-ficcion-que-protagonizara-lali-y-mariano-martinez","taxonomy":"post_tag","meta":[],"_links":{"self":[{"href":"https:\/\/www.cordobatimes.com\/showup\/wp-json\/wp\/v2\/tags\/29629","targetHints":{"allow":["GET"]}}],"collection":[{"href":"https:\/\/www.cordobatimes.com\/showup\/wp-json\/wp\/v2\/tags"}],"about":[{"href":"https:\/\/www.cordobatimes.com\/showup\/wp-json\/wp\/v2\/taxonomies\/post_tag"}],"wp:post_type":[{"href":"https:\/\/www.cordobatimes.com\/showup\/wp-json\/wp\/v2\/posts?tags=29629"}],"curies":[{"name":"wp","href":"https:\/\/api.w.org\/{rel}","templated":true}]}}