{"id":29396,"count":1,"description":"","link":"https:\/\/www.cordobatimes.com\/showup\/tag\/jonas-gutierrez-recibio-el-alta-medica\/","name":"Jonas Guti\u00e9rrez recibi\u00f3 el alta m\u00e9dica","slug":"jonas-gutierrez-recibio-el-alta-medica","taxonomy":"post_tag","meta":[],"_links":{"self":[{"href":"https:\/\/www.cordobatimes.com\/showup\/wp-json\/wp\/v2\/tags\/29396","targetHints":{"allow":["GET"]}}],"collection":[{"href":"https:\/\/www.cordobatimes.com\/showup\/wp-json\/wp\/v2\/tags"}],"about":[{"href":"https:\/\/www.cordobatimes.com\/showup\/wp-json\/wp\/v2\/taxonomies\/post_tag"}],"wp:post_type":[{"href":"https:\/\/www.cordobatimes.com\/showup\/wp-json\/wp\/v2\/posts?tags=29396"}],"curies":[{"name":"wp","href":"https:\/\/api.w.org\/{rel}","templated":true}]}}