{"id":29270,"count":1,"description":"","link":"https:\/\/www.cordobatimes.com\/showup\/tag\/natalia-oreiro-y-a-benjamin-vicuna-entre-canibales\/","name":"Natalia Oreiro y a Benjam\u00edn Vicu\u00f1a entre can\u00edbales","slug":"natalia-oreiro-y-a-benjamin-vicuna-entre-canibales","taxonomy":"post_tag","meta":[],"_links":{"self":[{"href":"https:\/\/www.cordobatimes.com\/showup\/wp-json\/wp\/v2\/tags\/29270","targetHints":{"allow":["GET"]}}],"collection":[{"href":"https:\/\/www.cordobatimes.com\/showup\/wp-json\/wp\/v2\/tags"}],"about":[{"href":"https:\/\/www.cordobatimes.com\/showup\/wp-json\/wp\/v2\/taxonomies\/post_tag"}],"wp:post_type":[{"href":"https:\/\/www.cordobatimes.com\/showup\/wp-json\/wp\/v2\/posts?tags=29270"}],"curies":[{"name":"wp","href":"https:\/\/api.w.org\/{rel}","templated":true}]}}