{"id":26395,"count":5,"description":"","link":"https:\/\/www.cordobatimes.com\/showup\/tag\/benjamin-vicuna-blanca-vicuna\/","name":"benjam\u00edn vicu\u00f1a blanca vicu\u00f1a","slug":"benjamin-vicuna-blanca-vicuna","taxonomy":"post_tag","meta":[],"_links":{"self":[{"href":"https:\/\/www.cordobatimes.com\/showup\/wp-json\/wp\/v2\/tags\/26395","targetHints":{"allow":["GET"]}}],"collection":[{"href":"https:\/\/www.cordobatimes.com\/showup\/wp-json\/wp\/v2\/tags"}],"about":[{"href":"https:\/\/www.cordobatimes.com\/showup\/wp-json\/wp\/v2\/taxonomies\/post_tag"}],"wp:post_type":[{"href":"https:\/\/www.cordobatimes.com\/showup\/wp-json\/wp\/v2\/posts?tags=26395"}],"curies":[{"name":"wp","href":"https:\/\/api.w.org\/{rel}","templated":true}]}}