{"id":99975,"date":"2023-08-23T09:47:28","date_gmt":"2023-08-23T12:47:28","guid":{"rendered":"https:\/\/www.cordobatimes.com\/showup\/?p=99975"},"modified":"2023-08-23T09:47:28","modified_gmt":"2023-08-23T12:47:28","slug":"tenso-cruce-en-lam-entre-nazarena-velez-marixa-balli-y-ximena-capristo-pases-de-factura-reproches-y-acusaciones","status":"publish","type":"post","link":"https:\/\/www.cordobatimes.com\/showup\/tv\/2023\/08\/23\/tenso-cruce-en-lam-entre-nazarena-velez-marixa-balli-y-ximena-capristo-pases-de-factura-reproches-y-acusaciones\/","title":{"rendered":"Tenso cruce en LAM entre Nazarena V\u00e9lez, Marixa Balli y Ximena Capristo: pases de factura, reproches y acusaciones"},"content":{"rendered":"<h3><strong>Las tres angelitas recordaron las peleas que tuvieron a\u00f1os atr\u00e1s y volvieron a enfrentarse en vivo.<\/strong><\/h3>\n<p>Mientras en<i>\u00a0LAM (<\/i>Am\u00e9rica) se trataba el tema de las peleas en los elencos de compa\u00f1\u00edas teatrales de a\u00f1os atr\u00e1s, surgi\u00f3 un fuerte cruce entre varias de las angelitas. En principio,\u00a0<b>Nazarena V\u00e9lez<\/b>\u00a0cont\u00f3 c\u00f3mo fue la interna del espect\u00e1culo en el que tambi\u00e9n participaba\u00a0<b>Ximena Capristo,\u00a0<\/b>quien en la noche del martes se encontraba sentada en el estudio, invitada como panelista al programa de\u00a0<b>\u00c1ngel De Brito.<\/b><\/p>\n<p>Todo comenz\u00f3 cuando\u00a0<b>Yanina Latorre<\/b>\u00a0les pregunt\u00f3 a Nazarena y a Capristo qu\u00e9 hab\u00eda pasado entre ellas.\u00a0<b>\u201cNos puteamos\u201d<\/b>, comenz\u00f3 diciendo la empresaria y continu\u00f3: \u201cBastante\u201d. En adelante, se explay\u00f3 acerca de la pelea de aquel momento con la mujer de\u00a0<b>Gustavo Conti.<\/b>\u00a0\u201c<b>Ella dec\u00eda que yo la raj\u00e9 de un trabajo\u00a0<\/b>que yo no recuerdo\u201d. Y la exgran hermano confirm\u00f3: \u201cEs verdad eso\u201d, mientras Yanina agregaba: \u201cTodas dec\u00edan eso de vos\u201d. Y enseguida aclar\u00f3: \u201cYo creo que\u00a0<b>era tu \u00e9poca dorada con Gerardo y todas cre\u00edan que vos eras la mafiosa\u201d.<\/b><\/p>\n<p class=\"paragraph\" data-mrf-recirculation=\"Links inline\">En ese momento, Nazarena se puso a explicar c\u00f3mo hab\u00edan sido los hechos. \u201cA m\u00ed Gerardo en esa \u00e9poca me preguntaba: \u2018\u00bfte gusta Capristo?\u2019 y si a m\u00ed Capristo me hab\u00eda hecho algo que me hab\u00eda ca\u00eddo mal, entonces le respond\u00eda: \u2018No\u2019\u201d, se sincer\u00f3. \u201cA ver si \u00c1ngel va a trabajar con una angelita que no soporta\u201d, agreg\u00f3 mirando al conductor que se manten\u00eda en silencio ante la pelea de sus panelistas.<\/p>\n<p class=\"paragraph\" data-mrf-recirculation=\"Links inline\">Enseguida tom\u00f3 la palabra Capristo y cont\u00f3 que ellas ya hab\u00edan trabajado juntas en el momento de la pelea. \u201cVen\u00edamos de trabajar en\u00a0<i>La Peluquer\u00eda,<\/i>\u00a0con Eliana Guercio y Silvina Luna. Y era como que te agregabas vos a la nueva\u00a0<i>Peluquer\u00eda,\u00a0<\/i>\u00bfest\u00e1 bien?\u201d, record\u00f3 mir\u00e1ndola a los ojos. \u201cAh, s\u00ed, est\u00e1 bien\u201d, contest\u00f3 V\u00e9lez y detall\u00f3: \u201cYo me separ\u00e9 de Agostini, y volv\u00eda, es verdad\u201d.<\/p>\n<p class=\"paragraph\" data-mrf-recirculation=\"Links inline\">En tanto, Capristo se explay\u00f3: \u201cEn ese momento hac\u00edamos muchos curros, desfiles y dem\u00e1s, y la se\u00f1ora Nazarena, como le gusta mucho estar en c\u00e1mara se sent\u00f3 en<i>\u00a0Intrusos<\/i>, con Jorge (Rial),\u00a0<b>me parece que vos ten\u00edas ah\u00ed alguna cosita.<\/b>..\u201d. En ese mismo momento, entre risas pero enf\u00e1ticamente Nazarena le apunt\u00f3: \u201c<b>Vos siempre dec\u00eds que me garch\u00e9 a alguien,<\/b>\u00a0o a Gerardo o a Rial, o tambi\u00e9n dijiste el otro d\u00eda que viniste que yo sal\u00ed con un pol\u00edtico. Y toda la banca que yo ten\u00eda era por la figura que era\u201d.<\/p>\n<p class=\"paragraph\" data-mrf-recirculation=\"Links inline\">Como Ximena se tap\u00f3 la boca para no responderle, la exmujer de\u00a0<b>Daniel Agostini\u00a0<\/b>retruc\u00f3: \u201cTe puedo parecer una boluda, pero<b>\u00a0te pod\u00eda pegar un voleo en el orto. Gerardo me priorizaba por sobre otras cosas<\/b>\u201d. \u201cPero cuando Gerardo estaba mal vos no estuviste ah\u00ed, mejor dej\u00e9moslo ah\u00ed\u201d, dispar\u00f3 la expanelista de\u00a0<i>El Debate<\/i>. \u201cSi, puede ser\u201d, admiti\u00f3 V\u00e9lez.<\/p>\n<p class=\"paragraph\" data-mrf-recirculation=\"Links inline\">En ese instante, la que se meti\u00f3 en el ida y vuelta fue Balli.\u00a0<b>\u201c\u00bfY qui\u00e9n estuvo al lado de Gerardo cuando estuvo mal?\u201d,\u00a0<\/b>pregunt\u00f3. \u201cY estuvimos toda la compa\u00f1\u00eda que est\u00e1bamos con \u00e9l, no antes de morir, cuando le pasaron un mont\u00f3n de cosas y era la compa\u00f1\u00eda que estaba en Carlos Paz. Me refiero al verano de la revista, cuando se separ\u00f3 de Sof\u00eda y \u00e9l estaba muy deprimido\u201d, explic\u00f3.<\/p>\n<p class=\"paragraph\" data-mrf-recirculation=\"Links inline\">\u201cYo estaba distanciada porque estaba con Garbellano\u201d, acot\u00f3 Nazarena mientras Latorre recordaba c\u00f3mo se hab\u00eda amigado con Sofovich. \u201c\u00bfTe acord\u00e1s que vos viniste a un programa con Roccasalvo y te amigaste con \u00e9l?\u201d, le dijo. \u201cBueno, nada,\u00a0<b>la cuesti\u00f3n es que era una cosa simp\u00e1tica\u201d<\/b>, volvi\u00f3 a retomar la palabra Capristo. \u201cLa cosa es que ella fue y listo<b>. Yo no odio a nadie, todo queda en el pasado,<\/b>\u00a0est\u00e1 bueno porque se puede decir. Ella dijo que le hab\u00edamos robado la tanga con Guercio y ah\u00ed empez\u00f3 la pica de ella contra nosotras dos\u201d, record\u00f3 Ximena al mismo tiempo que Nazarena dec\u00eda que no se acordaba de nada.<\/p>\n<p class=\"paragraph\" data-mrf-recirculation=\"Links inline\">\u201c\u00a1Capaz que lo invent\u00e9 para pegarle a ustedes!\u201d, exclam\u00f3 Naza. Al mismo tiempo, De Brito advirti\u00f3 el gesto serio que ten\u00eda la int\u00e9rprete de<b>\u00a0La Cachaca\u00a0<\/b>y le pregunt\u00f3 qu\u00e9 le pasaba. \u201cYo banco mucho a Naza en muchas cosas, y en muchas cosas nos parecemos\u201d, comenz\u00f3 diciendo hasta que el conductor la interrumpi\u00f3 para preguntarle si con Capristo no se llevaba bien.\u00a0<b>\u201cNo es que no me llevo, creo que nunca tuvimos piel nosotras dos\u201d<\/b>. Entonces, Capristo dispar\u00f3 ir\u00f3nica: \u201cLa conflictiva soy yo\u201d. Y continu\u00f3: \u201cCreo que tal vez nunca se dio la oportunidad de charlar entre nosotras, vos odiabas al patinador\u201d. \u201cTu patinador era brav\u00edsimo\u201d, admiti\u00f3 Balli, mientras las dem\u00e1s angelitas acotaban la buena memoria que tiene Ximena para todas las situaciones pasadas.<\/p>\n<p class=\"paragraph\" data-mrf-recirculation=\"Links inline\"><b>\u201cImaginate que vino a mi casamiento y yo no la baj\u00e9 de mi casamiento.<\/b>\u00a0Gus la invit\u00f3 porque trabajaba con ella\u201d, apunt\u00f3 sin filtro la mujer de Conti. Entonces, Balli explic\u00f3: \u201cEst\u00e1bamos con Gustavo en Carlos Paz haciendo una obra y \u00e9l me invit\u00f3 pero yo me hab\u00eda olvidado\u201d. M\u00e1s adelante, la cantante continu\u00f3: \u201cEs que no tenemos una relaci\u00f3n, no tenemos piel\u201d, y Capristo le respondi\u00f3:\u00a0<b>\u201cVos te la perd\u00e9s, porque te juro que pueden divertirse, pueden pasarla bien conmigo\u201d.\u00a0<\/b>Acto seguido Nazarena le dijo: \u201cEs que sos buena mina, en serio\u201d. Y Capristo termin\u00f3: \u201cPero bueno, viste que a veces los egos, las competencias de cartel, pelotudeces que se armaban antes\u201d.<b>\u00a0\u201cVos ten\u00e9s una energ\u00eda medio chota\u201d,\u00a0<\/b>lanz\u00f3 Nzarena entre risas.<\/p>\n<div style=\"width: 320px;\" class=\"wp-video\"><video class=\"wp-video-shortcode\" id=\"video-99975-1\" width=\"320\" height=\"180\" preload=\"metadata\" controls=\"controls\"><source type=\"video\/mp4\" src=\"https:\/\/www.cordobatimes.com\/showup\/wp-content\/uploads\/2023\/08\/SxuSCqkg-34105375.mp4?_=1\" \/><a href=\"https:\/\/www.cordobatimes.com\/showup\/wp-content\/uploads\/2023\/08\/SxuSCqkg-34105375.mp4\">https:\/\/www.cordobatimes.com\/showup\/wp-content\/uploads\/2023\/08\/SxuSCqkg-34105375.mp4<\/a><\/video><\/div>\n","protected":false},"excerpt":{"rendered":"<p>Las tres angelitas recordaron las peleas que tuvieron a\u00f1os atr\u00e1s y volvieron a enfrentarse en vivo. Mientras en\u00a0LAM (Am\u00e9rica) se trataba el tema de las peleas en los elencos de compa\u00f1\u00edas teatrales de a\u00f1os atr\u00e1s, surgi\u00f3 un fuerte cruce entre varias de las angelitas. En principio,\u00a0Nazarena V\u00e9lez\u00a0cont\u00f3 c\u00f3mo fue la interna del espect\u00e1culo en el [&hellip;]<\/p>\n","protected":false},"author":1,"featured_media":99976,"comment_status":"closed","ping_status":"closed","sticky":false,"template":"","format":"standard","meta":{"_seopress_robots_primary_cat":"","_seopress_titles_title":"","_seopress_titles_desc":"","_seopress_robots_index":"","footnotes":""},"categories":[2],"tags":[38008],"class_list":{"0":"post-99975","1":"post","2":"type-post","3":"status-publish","4":"format-standard","5":"has-post-thumbnail","7":"category-tv","8":"tag-nazarena-velez-marixa-balli-y-ximena-capristo"},"_links":{"self":[{"href":"https:\/\/www.cordobatimes.com\/showup\/wp-json\/wp\/v2\/posts\/99975","targetHints":{"allow":["GET"]}}],"collection":[{"href":"https:\/\/www.cordobatimes.com\/showup\/wp-json\/wp\/v2\/posts"}],"about":[{"href":"https:\/\/www.cordobatimes.com\/showup\/wp-json\/wp\/v2\/types\/post"}],"author":[{"embeddable":true,"href":"https:\/\/www.cordobatimes.com\/showup\/wp-json\/wp\/v2\/users\/1"}],"replies":[{"embeddable":true,"href":"https:\/\/www.cordobatimes.com\/showup\/wp-json\/wp\/v2\/comments?post=99975"}],"version-history":[{"count":0,"href":"https:\/\/www.cordobatimes.com\/showup\/wp-json\/wp\/v2\/posts\/99975\/revisions"}],"wp:featuredmedia":[{"embeddable":true,"href":"https:\/\/www.cordobatimes.com\/showup\/wp-json\/wp\/v2\/media\/99976"}],"wp:attachment":[{"href":"https:\/\/www.cordobatimes.com\/showup\/wp-json\/wp\/v2\/media?parent=99975"}],"wp:term":[{"taxonomy":"category","embeddable":true,"href":"https:\/\/www.cordobatimes.com\/showup\/wp-json\/wp\/v2\/categories?post=99975"},{"taxonomy":"post_tag","embeddable":true,"href":"https:\/\/www.cordobatimes.com\/showup\/wp-json\/wp\/v2\/tags?post=99975"}],"curies":[{"name":"wp","href":"https:\/\/api.w.org\/{rel}","templated":true}]}}