{"id":99966,"date":"2023-08-23T08:50:06","date_gmt":"2023-08-23T11:50:06","guid":{"rendered":"https:\/\/www.cordobatimes.com\/showup\/?p=99966"},"modified":"2023-08-23T08:50:06","modified_gmt":"2023-08-23T11:50:06","slug":"como-fueron-las-ultimas-horas-de-luis-miguel-en-chile-despues-de-los-rumores-de-internacion","status":"publish","type":"post","link":"https:\/\/www.cordobatimes.com\/showup\/famosos\/2023\/08\/23\/como-fueron-las-ultimas-horas-de-luis-miguel-en-chile-despues-de-los-rumores-de-internacion\/","title":{"rendered":"C\u00f3mo fueron las \u00faltimas horas de Luis Miguel en Chile despu\u00e9s de los rumores de internaci\u00f3n"},"content":{"rendered":"<h3><strong>Tras brindar su primer concierto en el pa\u00eds vecino, surgi\u00f3 la informaci\u00f3n de que el Sol de M\u00e9xico tuvo que ser hospitalizado.<\/strong><\/h3>\n<p>Luego de 10 hist\u00f3ricos conciertos en Argentina, con estadios repletos,\u00a0Luis Miguel\u00a0continu\u00f3 con su espect\u00e1culo\u00a0La Gira 2023\u00a0en Chile. En la tarde de este martes surgieron rumores sobre una supuesta internaci\u00f3n del\u00a0Sol de M\u00e9xico\u00a0tras brindar su primer show en Santiago, la capital del pa\u00eds trasandino.<\/p>\n<p>Si bien hasta el momento nadie del entorno del cantante ha confirmado la informaci\u00f3n sobre el estado de salud del int\u00e9rprete de La Bikina, medios chilenos informaron que el m\u00fasico hab\u00eda sido internado en un hospital del sector oriente de Santiago. Unas horas m\u00e1s tarde, la prensa local dio a conocer la raz\u00f3n de la supuesta hospitalizaci\u00f3n del cantante. Seg\u00fan informaron, se deber\u00eda a un cuadro gripal severo que se complic\u00f3 tras un fuerte resfr\u00edo y faringitis que lo aquejaba desde el \u00faltimo s\u00e1bado, 19 de agosto.<\/p>\n<p>Los medios de comunicaci\u00f3n chilenos reportaron que, tras su arribo al pa\u00eds, el conocido Sol de M\u00e9xico experiment\u00f3 problemas de salud ligados a s\u00edntomas respiratorios. La periodista Cecilia Guti\u00e9rrez, tambi\u00e9n desde el pa\u00eds vecino, fue publicando en sus redes sociales informaci\u00f3n acerca del estado de salud de Luis Miguel. En un principio, intent\u00f3 llevar calma a sus fans y seguidores. \u201cEl Sol est\u00e1 bien por si acaso. Es un estado febril pero no significa que cancele sus conciertos, son los cambios de temperatura\u201d, hab\u00eda relatado con un emoji de una carita de alivio despu\u00e9s de la preocupaci\u00f3n inicial.<\/p>\n<p>Unas horas antes, la comunicadora, que es panelista de\u00a0Zona de Estrellas,\u00a0en Chile, hab\u00eda contado que\u00a0el Sol hab\u00eda llegado a M\u00e9xico acompa\u00f1ado por su pareja,\u00a0Paloma Cuevas,\u00a0y las hijas de ella. Y un rato desp\u00faes hab\u00eda relatado, tambi\u00e9n a trav\u00e9s de sus historias de Instagram, con un cartel que dec\u00eda: actualizaci\u00f3n, que el cantante mexicano\u00a0continuaba con un estado febril y que hab\u00eda sido visitado por un m\u00e9dico en el hotel donde se hospeda en la capital chilena.<\/p>\n<p>Durante la noche del lunes 21 de agosto, Luis Miguel dio su esperado concierto en el\u00a0Movistar Arena\u00a0de M\u00e9xico. Aunque se lo vio con mucha tos debido a un cuadro viral por el que hab\u00eda sido revisado un rato antes, el cantante pudo salir a escena y cumplir con las expectativas de sus fans chilenas con el mismo fervor que se dio en Argentina. Sin embargo\u00a0le faltaron cantar 10 temas que s\u00ed enton\u00f3 en su gira por Movistar Arena de Buenos Aires.<\/p>\n<p>A las 21 en punto, hora chilena, comenz\u00f3 la proyecci\u00f3n del recorrido art\u00edstico del Sol de M\u00e9xico\u00a0en Latinoam\u00e9rica, desde sus inicios en los 80 y los 90, hasta el adulto que es hoy. Y minutos m\u00e1s tarde, apareci\u00f3 el m\u00fasico de 53 a\u00f1os sobre el escenario con un impecable traje negro y corbata al tono sobre una camisa blanca, para dar el puntapi\u00e9 iniciar a su concierto, que comenz\u00f3 con su hit \u201cSer\u00e1 que no me amas\u201d.<\/p>\n<p>En tanto, la comunicadora\u00a0Patricia Larra\u00edn, quien se encontraba en el estadio, comparti\u00f3 el minuto a minuto de la presentaci\u00f3n del mexicano. Seg\u00fan destac\u00f3,\u00a0Luis Miguel debi\u00f3 interrumpir varias veces el concierto\u00a0para tomar agua en muchas ocasiones.\u00a0\u201cQuiero decir algo: a pesar de que tiene mucha, mucha tos y gripe, ah\u00ed estuvo,\u00a0responsable y profesional, haciendo lo que pudo con su voz. (Tos\u00eda despu\u00e9s de cada canci\u00f3n)\u201d, indic\u00f3 la comunicadora.<\/p>\n<p>\u201cElegante, distinguido y demasiado guapo.\u00a0Bien vestido, los zapatos impecables, las u\u00f1as perfectas, la camisa con esas colleras elegant\u00edsimas, la ropa bien planchada\u201d, agreg\u00f3. El show, que dur\u00f3 una hora y 45 minutos, cont\u00f3 con la aparici\u00f3n de otros artistas gracias a la tecnolog\u00eda, como\u00a0Michael Jackson y Frank Sinatra.\u00a0Al parecer, este martes, Luis Miguel continuar\u00eda con el segundo de los diez conciertos ya que hasta el momento no hay ning\u00fan tipo de informaci\u00f3n oficial sobre su estado de salud.<\/p>\n","protected":false},"excerpt":{"rendered":"<p>Tras brindar su primer concierto en el pa\u00eds vecino, surgi\u00f3 la informaci\u00f3n de que el Sol de M\u00e9xico tuvo que ser hospitalizado. Luego de 10 hist\u00f3ricos conciertos en Argentina, con estadios repletos,\u00a0Luis Miguel\u00a0continu\u00f3 con su espect\u00e1culo\u00a0La Gira 2023\u00a0en Chile. En la tarde de este martes surgieron rumores sobre una supuesta internaci\u00f3n del\u00a0Sol de M\u00e9xico\u00a0tras brindar [&hellip;]<\/p>\n","protected":false},"author":1,"featured_media":99967,"comment_status":"closed","ping_status":"closed","sticky":false,"template":"","format":"standard","meta":{"_seopress_robots_primary_cat":"","_seopress_titles_title":"","_seopress_titles_desc":"","_seopress_robots_index":"","footnotes":""},"categories":[4],"tags":[38004,38005],"class_list":{"0":"post-99966","1":"post","2":"type-post","3":"status-publish","4":"format-standard","5":"has-post-thumbnail","7":"category-famosos","8":"tag-estado-de-salud-de-lus-miguel","9":"tag-luis-miguel-en-chile"},"_links":{"self":[{"href":"https:\/\/www.cordobatimes.com\/showup\/wp-json\/wp\/v2\/posts\/99966","targetHints":{"allow":["GET"]}}],"collection":[{"href":"https:\/\/www.cordobatimes.com\/showup\/wp-json\/wp\/v2\/posts"}],"about":[{"href":"https:\/\/www.cordobatimes.com\/showup\/wp-json\/wp\/v2\/types\/post"}],"author":[{"embeddable":true,"href":"https:\/\/www.cordobatimes.com\/showup\/wp-json\/wp\/v2\/users\/1"}],"replies":[{"embeddable":true,"href":"https:\/\/www.cordobatimes.com\/showup\/wp-json\/wp\/v2\/comments?post=99966"}],"version-history":[{"count":0,"href":"https:\/\/www.cordobatimes.com\/showup\/wp-json\/wp\/v2\/posts\/99966\/revisions"}],"wp:featuredmedia":[{"embeddable":true,"href":"https:\/\/www.cordobatimes.com\/showup\/wp-json\/wp\/v2\/media\/99967"}],"wp:attachment":[{"href":"https:\/\/www.cordobatimes.com\/showup\/wp-json\/wp\/v2\/media?parent=99966"}],"wp:term":[{"taxonomy":"category","embeddable":true,"href":"https:\/\/www.cordobatimes.com\/showup\/wp-json\/wp\/v2\/categories?post=99966"},{"taxonomy":"post_tag","embeddable":true,"href":"https:\/\/www.cordobatimes.com\/showup\/wp-json\/wp\/v2\/tags?post=99966"}],"curies":[{"name":"wp","href":"https:\/\/api.w.org\/{rel}","templated":true}]}}