{"id":99946,"date":"2023-08-21T21:38:48","date_gmt":"2023-08-22T00:38:48","guid":{"rendered":"https:\/\/www.cordobatimes.com\/showup\/?p=99946"},"modified":"2023-08-21T21:38:48","modified_gmt":"2023-08-22T00:38:48","slug":"marina-calabro-cuenta-detalles-del-romance-entre-javier-milei-y-fatima-florez","status":"publish","type":"post","link":"https:\/\/www.cordobatimes.com\/showup\/tv\/2023\/08\/21\/marina-calabro-cuenta-detalles-del-romance-entre-javier-milei-y-fatima-florez\/","title":{"rendered":"Marina Calabr\u00f3 cuenta detalles del romance entre Javier Milei y F\u00e1tima Fl\u00f3rez"},"content":{"rendered":"<h3><strong>\u201cprimero habl\u00e9 con Milei y luego con F\u00e1tima\u201d<\/strong><\/h3>\n<p>\u201cEl dato me llega del lado de F\u00e1tima\u201d<\/p>\n<p>\u201cMilei me llamo y le pregunt\u00e9 si estaba de novio con F\u00e1tima Florez\u201d<\/p>\n<p>\u201cHabl\u00e9 con Fatima porque no quer\u00eda incomodarla a pesar de ya tener la informaci\u00f3n\u201d<\/p>\n<p>\u201cMilei me dec\u00eda que lo \u00faltimo que quer\u00eda era perjudicar a F\u00e1tima\u201d<\/p>\n<p>\u201cJavier Milei sabe que F\u00e1tima se gan\u00f3 todo sola\u201d<\/p>\n<p>\u201cA \u00e9l lo not\u00e9 m\u00e1s temeroso con el impacto que puede tener esto sobre F\u00e1tima. F\u00e1tima est\u00e1 m\u00e1s tranquila\u201d<\/p>\n<p>\u00abEstuve con \u00e9l el viernes antes de las elecciones y estuvimos abrazados 30 minutos antes de despedirnos\u00bb<\/p>\n<blockquote class=\"twitter-tweet\">\n<p lang=\"es\" dir=\"ltr\">\ud83d\udca5 En vivo, Marina Calabr\u00f3 revela detalles del romance del a\u00f1o entre Milei y F\u00e1tima Fl\u00f3rez<\/p>\n<p>Cc <a href=\"https:\/\/twitter.com\/hashtag\/LAM?src=hash&amp;ref_src=twsrc%5Etfw\">#LAM<\/a> en Am\u00e9rica TV \ud83d\udcfa <a href=\"https:\/\/twitter.com\/elejercitodelam?ref_src=twsrc%5Etfw\">@elejercitodelam<\/a> <a href=\"https:\/\/twitter.com\/AngeldebritoOk?ref_src=twsrc%5Etfw\">@AngeldebritoOk<\/a> <a href=\"https:\/\/t.co\/WUy3vimoC9\">pic.twitter.com\/WUy3vimoC9<\/a><\/p>\n<p>&mdash; Am\u00e9rica TV (@AmericaTV) <a href=\"https:\/\/twitter.com\/AmericaTV\/status\/1693766800796692482?ref_src=twsrc%5Etfw\">August 21, 2023<\/a><\/p><\/blockquote>\n<p> <script async src=\"https:\/\/platform.twitter.com\/widgets.js\" charset=\"utf-8\"><\/script><\/p>\n","protected":false},"excerpt":{"rendered":"<p>\u201cprimero habl\u00e9 con Milei y luego con F\u00e1tima\u201d \u201cEl dato me llega del lado de F\u00e1tima\u201d \u201cMilei me llamo y le pregunt\u00e9 si estaba de novio con F\u00e1tima Florez\u201d \u201cHabl\u00e9 con Fatima porque no quer\u00eda incomodarla a pesar de ya tener la informaci\u00f3n\u201d \u201cMilei me dec\u00eda que lo \u00faltimo que quer\u00eda era perjudicar a F\u00e1tima\u201d [&hellip;]<\/p>\n","protected":false},"author":1,"featured_media":99948,"comment_status":"closed","ping_status":"closed","sticky":false,"template":"","format":"standard","meta":{"_seopress_robots_primary_cat":"","_seopress_titles_title":"","_seopress_titles_desc":"","_seopress_robots_index":"","footnotes":""},"categories":[2],"tags":[37996,38000,37997,37999],"class_list":{"0":"post-99946","1":"post","2":"type-post","3":"status-publish","4":"format-standard","5":"has-post-thumbnail","7":"category-tv","8":"tag-javier-milei-y-fatima-florez","9":"tag-javier-milei-y-fatima-florez-marina-calabro","10":"tag-javier-milei-y-fatima-florez-novios","11":"tag-romance-entre-javier-milei-y-fatima-florez"},"_links":{"self":[{"href":"https:\/\/www.cordobatimes.com\/showup\/wp-json\/wp\/v2\/posts\/99946","targetHints":{"allow":["GET"]}}],"collection":[{"href":"https:\/\/www.cordobatimes.com\/showup\/wp-json\/wp\/v2\/posts"}],"about":[{"href":"https:\/\/www.cordobatimes.com\/showup\/wp-json\/wp\/v2\/types\/post"}],"author":[{"embeddable":true,"href":"https:\/\/www.cordobatimes.com\/showup\/wp-json\/wp\/v2\/users\/1"}],"replies":[{"embeddable":true,"href":"https:\/\/www.cordobatimes.com\/showup\/wp-json\/wp\/v2\/comments?post=99946"}],"version-history":[{"count":0,"href":"https:\/\/www.cordobatimes.com\/showup\/wp-json\/wp\/v2\/posts\/99946\/revisions"}],"wp:featuredmedia":[{"embeddable":true,"href":"https:\/\/www.cordobatimes.com\/showup\/wp-json\/wp\/v2\/media\/99948"}],"wp:attachment":[{"href":"https:\/\/www.cordobatimes.com\/showup\/wp-json\/wp\/v2\/media?parent=99946"}],"wp:term":[{"taxonomy":"category","embeddable":true,"href":"https:\/\/www.cordobatimes.com\/showup\/wp-json\/wp\/v2\/categories?post=99946"},{"taxonomy":"post_tag","embeddable":true,"href":"https:\/\/www.cordobatimes.com\/showup\/wp-json\/wp\/v2\/tags?post=99946"}],"curies":[{"name":"wp","href":"https:\/\/api.w.org\/{rel}","templated":true}]}}