{"id":99937,"date":"2023-08-19T18:38:31","date_gmt":"2023-08-19T21:38:31","guid":{"rendered":"https:\/\/www.cordobatimes.com\/showup\/?p=99937"},"modified":"2023-08-19T18:38:31","modified_gmt":"2023-08-19T21:38:31","slug":"pampita-reflexiona-sobre-la-polemica-causada-por-los-rumores-de-romance-entre-natalia-oreiro-y-benjamin-vicuna","status":"publish","type":"post","link":"https:\/\/www.cordobatimes.com\/showup\/tv\/2023\/08\/19\/pampita-reflexiona-sobre-la-polemica-causada-por-los-rumores-de-romance-entre-natalia-oreiro-y-benjamin-vicuna\/","title":{"rendered":"Pampita reflexiona sobre la pol\u00e9mica causada por los rumores de romance entre Natalia Oreiro y Benjam\u00edn Vicu\u00f1a"},"content":{"rendered":"<h3><strong>\u201cMet\u00ed la pata\u201d<\/strong><\/h3>\n<p>D\u00edas atr\u00e1s y de invitada en\u00a0<i>LAM\u00a0<\/i>(Am\u00e9rica)\u00a0<b>Carolina\u00a0<\/b><i><b>Pampita\u00a0<\/b><\/i><b>Ardohain<\/b>\u00a0dijo que hay una sola actriz con la que no trabajar\u00eda y a partir de eso volvi\u00f3 a ponerse en el tapete un supuesto\u00a0<i>affaire\u00a0<\/i>que esta persona habr\u00eda tenido<i>\u00a0<\/i>con Benjam\u00edn Vicu\u00f1a, ex de la modelo. Y el nombre de\u00a0<b>Natalia Oreiro<\/b>\u00a0no tard\u00f3 en ser relacionado con esta historia.<\/p>\n<p>\u201cHay una sola actriz con la que no trabajar\u00eda porque me parece que no tuvo empat\u00eda de mujer a mujer\u201d, dijo Pampita en el programa que conduce \u00c1ngel de Brito, aunque sin nombrar a la artista en cuesti\u00f3n. \u201cYa la vida nos va a encontrar. Dios es muy sabio en esas cosas. Te cruza en el momento que te ten\u00e9s que cruzar, as\u00ed que yo voy a esperar\u201d, agreg\u00f3 muy desafiante. As\u00ed las cosas, fue consultada por\u00a0<i>Socios del Espect\u00e1culo<\/i>\u00a0(El Trece) por sus dichos y se vio en la necesidad de dar marcha atr\u00e1s.<\/p>\n<p>\u201cMe arrepent\u00ed porque no estoy en esa etapa de mi vida, de estar en conflicto, o de que se hable en los programas de cosas del pasado. No era la idea\u201d, dijo la modelo y conductora ante la consulta del movilero del programa conducido por Rodrigo Lussich y Adri\u00e1n Pallares. \u201c<b>Contest\u00e9 una pregunta y me equivoqu\u00e9, porque yo conozco c\u00f3mo es el medio y deber\u00eda haber sabido que se iba a armar l\u00edo<\/b>. Pequ\u00e9 de inocente. Pero bueno, sirve de lecci\u00f3n para no volver a pisar el palito nunca m\u00e1s\u201d, dijo Pampita, arrepentida con la pol\u00e9mica.<\/p>\n<p class=\"paragraph\" data-mrf-recirculation=\"Links inline\">\u201cYo estoy en otro momento de mi vida, re tranquila. Trabajo un mont\u00f3n, pero mi vida personal, sentimental y familiar est\u00e1 en un re buen momento. Busqu\u00e9 mucho estar en esta posici\u00f3n. No quisiera volver al pasado, de ninguna manera\u201d, dijo despu\u00e9s la mam\u00e1 de\u00a0<b>Blanca, Benicio, Bautista, Beltr\u00e1n<\/b>\u00a0y\u00a0<b>Ana<\/b>.<\/p>\n<p class=\"paragraph\" data-mrf-recirculation=\"Links inline\">En esta nota, el cronista le marc\u00f3 a Pampita que\u00a0<b>Benjam\u00edn Vicu\u00f1a<\/b>\u00a0se hab\u00eda fastidiado por sus dichos. \u201cMet\u00ed la pata, no tendr\u00eda que haber dicho nada que genere especulaciones. No nombr\u00e9 a nadie, tampoco. As\u00ed que no s\u00e9 por qu\u00e9 empezaron a sacar conclusiones\u201d, dijo Ardohain.<\/p>\n<p class=\"paragraph\" data-mrf-recirculation=\"Links inline\">\u201cSalieron muchos nombres y el que qued\u00f3 fue el de Nati Oreiro\u201d, insisti\u00f3 el notero. \u201cPor eso te digo, no deber\u00eda haber dicho nada. Siempre es mejor ser diplom\u00e1tico, como lo soy casi siempre. No me va a volver a pasar\u201d, cerr\u00f3 la modelo, quien est\u00e1 pronta a ser parte del jurado del\u00a0<i>Bailando 2023<\/i>, el\u00a0<i>reality show<\/i>\u00a0conducido por\u00a0<b>Marcelo Tinelli<\/b> y que se ver\u00e1 pr\u00f3ximamente en Am\u00e9rica.<\/p>\n<div style=\"width: 320px;\" class=\"wp-video\"><video class=\"wp-video-shortcode\" id=\"video-99937-1\" width=\"320\" height=\"180\" preload=\"metadata\" controls=\"controls\"><source type=\"video\/mp4\" src=\"https:\/\/www.cordobatimes.com\/showup\/wp-content\/uploads\/2023\/08\/i6qPJLuk-34105375.mp4?_=1\" \/><a href=\"https:\/\/www.cordobatimes.com\/showup\/wp-content\/uploads\/2023\/08\/i6qPJLuk-34105375.mp4\">https:\/\/www.cordobatimes.com\/showup\/wp-content\/uploads\/2023\/08\/i6qPJLuk-34105375.mp4<\/a><\/video><\/div>\n","protected":false},"excerpt":{"rendered":"<p>\u201cMet\u00ed la pata\u201d D\u00edas atr\u00e1s y de invitada en\u00a0LAM\u00a0(Am\u00e9rica)\u00a0Carolina\u00a0Pampita\u00a0Ardohain\u00a0dijo que hay una sola actriz con la que no trabajar\u00eda y a partir de eso volvi\u00f3 a ponerse en el tapete un supuesto\u00a0affaire\u00a0que esta persona habr\u00eda tenido\u00a0con Benjam\u00edn Vicu\u00f1a, ex de la modelo. Y el nombre de\u00a0Natalia Oreiro\u00a0no tard\u00f3 en ser relacionado con esta historia. \u201cHay [&hellip;]<\/p>\n","protected":false},"author":1,"featured_media":99938,"comment_status":"closed","ping_status":"closed","sticky":false,"template":"","format":"standard","meta":{"_seopress_robots_primary_cat":"","_seopress_titles_title":"","_seopress_titles_desc":"","_seopress_robots_index":"","footnotes":""},"categories":[2],"tags":[37994,37995,37993],"class_list":{"0":"post-99937","1":"post","2":"type-post","3":"status-publish","4":"format-standard","5":"has-post-thumbnail","7":"category-tv","8":"tag-natalia-oreiro-y-benjamin-vicuna","9":"tag-pampita-natalia-oreiro-y-benjamin-vicuna","10":"tag-romance-entre-natalia-oreiro-y-benjamin-vicuna"},"_links":{"self":[{"href":"https:\/\/www.cordobatimes.com\/showup\/wp-json\/wp\/v2\/posts\/99937","targetHints":{"allow":["GET"]}}],"collection":[{"href":"https:\/\/www.cordobatimes.com\/showup\/wp-json\/wp\/v2\/posts"}],"about":[{"href":"https:\/\/www.cordobatimes.com\/showup\/wp-json\/wp\/v2\/types\/post"}],"author":[{"embeddable":true,"href":"https:\/\/www.cordobatimes.com\/showup\/wp-json\/wp\/v2\/users\/1"}],"replies":[{"embeddable":true,"href":"https:\/\/www.cordobatimes.com\/showup\/wp-json\/wp\/v2\/comments?post=99937"}],"version-history":[{"count":0,"href":"https:\/\/www.cordobatimes.com\/showup\/wp-json\/wp\/v2\/posts\/99937\/revisions"}],"wp:featuredmedia":[{"embeddable":true,"href":"https:\/\/www.cordobatimes.com\/showup\/wp-json\/wp\/v2\/media\/99938"}],"wp:attachment":[{"href":"https:\/\/www.cordobatimes.com\/showup\/wp-json\/wp\/v2\/media?parent=99937"}],"wp:term":[{"taxonomy":"category","embeddable":true,"href":"https:\/\/www.cordobatimes.com\/showup\/wp-json\/wp\/v2\/categories?post=99937"},{"taxonomy":"post_tag","embeddable":true,"href":"https:\/\/www.cordobatimes.com\/showup\/wp-json\/wp\/v2\/tags?post=99937"}],"curies":[{"name":"wp","href":"https:\/\/api.w.org\/{rel}","templated":true}]}}