{"id":99933,"date":"2023-08-18T13:39:06","date_gmt":"2023-08-18T16:39:06","guid":{"rendered":"https:\/\/www.cordobatimes.com\/showup\/?p=99933"},"modified":"2023-08-18T13:39:06","modified_gmt":"2023-08-18T16:39:06","slug":"chico-novarro-musico-cantante-actor-padre-abuelo-amigo-se-fue-uno-de-los-maximos-exponentes-de-la-cultura-popular","status":"publish","type":"post","link":"https:\/\/www.cordobatimes.com\/showup\/famosos\/2023\/08\/18\/chico-novarro-musico-cantante-actor-padre-abuelo-amigo-se-fue-uno-de-los-maximos-exponentes-de-la-cultura-popular\/","title":{"rendered":"Chico Novarro: M\u00fasico, cantante, actor, padre, abuelo, amigo, se fue uno de los m\u00e1ximos exponentes de la cultura popular"},"content":{"rendered":"<h3><strong>La triste noticia fue comunicada por su amigo Dany Martin. Padre de los artistas Pablo Novak y Julieta Novarro, y muy querido por sus colegas, el autor de Carta de un le\u00f3n a otro y de Algo contigo supo construir una extensa y respetada trayectoria. Sufr\u00eda de EPOC terminal.<\/strong><\/h3>\n<p class=\"paragraph\" data-mrf-recirculation=\"Links inline\">Bernardo Mitnik, m\u00e1s conocido por su nombre art\u00edstico\u00a0<b>Chico Novarro<\/b>, falleci\u00f3 en la ma\u00f1ana del viernes a los 88 a\u00f1os. El cantautor argentino ten\u00eda una larga carrera en el mundo de la m\u00fasica. Su fama inicial se dio cuando\u00a0<b>integr\u00f3 el elenco de\u00a0<\/b><i><b>El<\/b><\/i><b>\u00a0<\/b><i><b>Club del Clan<\/b><\/i><b>, desarrollando luego un exitoso camino como cantante solista y compositor de tangos y boleros<\/b>. En 2014 hab\u00eda recibido la menci\u00f3n de\u00a0<b>Ciudadano ilustre<\/b>\u00a0de la ciudad de Buenos Aires.<\/p>\n<div data-mrf-experience=\"IL_rn_KoRFdQJeSkKlrrGi0ng\">\n<div class=\"r19iimbq r1j2tbbj\">\n<div data-mrf-recirculation=\"IL_rn_KoRFdQJeSkKlrrGi0ng\" data-testid=\"text-html\">\n<div class=\"news-container\">\n<div class=\"news-module\">\n<div class=\"recommended-card__image-container\">\n<p class=\"paragraph\" data-mrf-recirculation=\"Links inline\">La noticia la dio uno de sus compa\u00f1eros de ruta,\u00a0<b>Dany Martin<\/b>, a trav\u00e9s de una publicaci\u00f3n en Twitter: \u201cCon un dolor que pocas veces sent\u00ed en mi vida, quiero decirte que<b>\u00a0se fue mi hermano de toda la vida<\/b>, Chico Novarro. \u00a1Vol\u00e1 alto, Chico, muy alto!\u201d.<\/p>\n<div class=\"inline ad-wrapper\">\n<div class=\"dfpAd ad-inline\">\n<div id=\"infobae\/teleshow\/nota\/inline\" class=\"infobae\/teleshow\/nota\/inline arcad\" data-google-query-id=\"CNiY5a3O5oADFWKGlQId83kFuw\">\n<div id=\"google_ads_iframe_\/1058609\/infobae\/teleshow\/nota\/inline_0__container__\"><iframe id=\"google_ads_iframe_\/1058609\/infobae\/teleshow\/nota\/inline_0\" tabindex=\"0\" title=\"3rd party ad content\" role=\"region\" name=\"google_ads_iframe_\/1058609\/infobae\/teleshow\/nota\/inline_0\" width=\"1\" height=\"1\" frameborder=\"0\" marginwidth=\"0\" marginheight=\"0\" scrolling=\"no\" aria-label=\"Advertisement\" data-load-complete=\"true\" data-google-container-id=\"9\"><\/iframe><\/div>\n<\/div>\n<\/div>\n<\/div>\n<p class=\"paragraph\" data-mrf-recirculation=\"Links inline\">\u201cVen\u00eda con una deficiencia respiratoria, dos internaciones seguidas, era asm\u00e1tico y ten\u00eda un EPOC terminal. Todo lo fue debilitando, siempre genial de la cabeza pero el cuerpo ya no lo acompa\u00f1aba\u201d, dijo su hija\u00a0<b>Julieta Novarro<\/b>\u00a0en di\u00e1logo con\u00a0<i>Socios del espect\u00e1culo.\u00a0<\/i>\u201cTuvo problemas respiratorios gran parte de su vida, estaba internado en el Sanatorio de Los Arcos, le dieron el alta pero en ese momento justo contrajo Covid, y ya no estaba bien, por eso no nos toma de sorpresa su muerte\u201d, agreg\u00f3\u00a0<b>Andrea Campbell<\/b>, nuera de Chico.<\/p>\n<div class=\"visual__image\"><img loading=\"lazy\" decoding=\"async\" class=\" lazyload\" src=\"https:\/\/www.infobae.com\/new-resizer\/1qPOkmlrzDwBUSMonQzlWaimeeE=\/arc-anglerfish-arc2-prod-infobae\/public\/GTUWFHNTZJDRPO5LC7PIWGXCEI.jpg\" sizes=\"auto, (min-width: 800px) 50vw, 90vw\" srcset=\"https:\/\/www.infobae.com\/new-resizer\/o8pmYsO_lwuq8UGXJl6oUMZbsD8=\/420x420\/filters:format(webp):quality(85)\/cloudfront-us-east-1.images.arcpublishing.com\/infobae\/GTUWFHNTZJDRPO5LC7PIWGXCEI.jpg 420w,https:\/\/www.infobae.com\/new-resizer\/N-p4ftCNNOlvrd8SjJifv03lo8g=\/768x768\/filters:format(webp):quality(85)\/cloudfront-us-east-1.images.arcpublishing.com\/infobae\/GTUWFHNTZJDRPO5LC7PIWGXCEI.jpg 768w,https:\/\/www.infobae.com\/new-resizer\/RCLFOqAOwXjWGhHfFt0yYI-xWMI=\/992x992\/filters:format(webp):quality(85)\/cloudfront-us-east-1.images.arcpublishing.com\/infobae\/GTUWFHNTZJDRPO5LC7PIWGXCEI.jpg 992w,https:\/\/www.infobae.com\/new-resizer\/AFJkN61qHAMOJXOyPo-snYFyYhQ=\/1200x1200\/filters:format(webp):quality(85)\/cloudfront-us-east-1.images.arcpublishing.com\/infobae\/GTUWFHNTZJDRPO5LC7PIWGXCEI.jpg 1200w,https:\/\/www.infobae.com\/new-resizer\/9kBoqOf6ICfWzSNLetVSWBYFznY=\/1440x1440\/filters:format(webp):quality(85)\/cloudfront-us-east-1.images.arcpublishing.com\/infobae\/GTUWFHNTZJDRPO5LC7PIWGXCEI.jpg 1440w\" alt=\"La noticia de su partida la dio uno de sus compa\u00f1eros de ruta, Dany Martin, a trav\u00e9s de una publicaci\u00f3n en Twitter\" width=\"1920\" height=\"2040\" data-src=\"https:\/\/www.infobae.com\/new-resizer\/1qPOkmlrzDwBUSMonQzlWaimeeE=\/arc-anglerfish-arc2-prod-infobae\/public\/GTUWFHNTZJDRPO5LC7PIWGXCEI.jpg\" \/><\/div>\n<p class=\"paragraph\" data-mrf-recirculation=\"Links inline\">El cantante naci\u00f3 el 4 de septiembre de 1933 en la ciudad de Santa Fe y creci\u00f3 en C\u00f3rdoba, pero se consideraba porte\u00f1o. Era oriundo de una familia muy humilde donde su padre fue zapatero y su madre ama de casa, sin embargo logr\u00f3 el \u00e9xito con su carrera a nivel internacional. Sus tangos y boleros dejaron huella en la historia musical de nuestro pa\u00eds y han sido interpretados por grandes artistas de toda Am\u00e9rica.<\/p>\n<p class=\"paragraph\" data-mrf-recirculation=\"Links inline\">En el \u00e1mbito personal, form\u00f3 una gran familia y as\u00ed parti\u00f3, rodeado de afecto.<b>\u00a0\u201cSe fue mi pap\u00e1, hermoso y amado\u201d<\/b>, escribi\u00f3 su hijo,\u00a0<b>Pablo Novak<\/b>\u00a0junto a una imagen retro del m\u00fasico, en el que se lo ve joven, tocando la bater\u00eda. El m\u00fasico se cas\u00f3 dos veces y era padre adem\u00e1s, de Julieta<b>, Marcela\u00a0<\/b>y\u00a0<b>Carolina<\/b>; y ten\u00eda dos nietos Esmeralda, Tom\u00e1s, Lucas, Marcos, Florencia y Luc\u00eda. Eran todos muy unidos y en varias oportunidades se los pudo ver compartiendo escenario.<\/p>\n<div class=\"visual__image\"><img loading=\"lazy\" decoding=\"async\" class=\" lazyload\" src=\"https:\/\/www.infobae.com\/new-resizer\/9ZifzpNFscSoBbriy2rsPM1V374=\/arc-anglerfish-arc2-prod-infobae\/public\/PDO4QCE7MRB7NOTHQJRJJ2E4M4.jpg\" sizes=\"auto, (min-width: 800px) 50vw, 90vw\" srcset=\"https:\/\/www.infobae.com\/new-resizer\/yog3-GHCoTPdlW2nzgLlogSMQKQ=\/420x420\/filters:format(webp):quality(85)\/cloudfront-us-east-1.images.arcpublishing.com\/infobae\/PDO4QCE7MRB7NOTHQJRJJ2E4M4.jpg 420w,https:\/\/www.infobae.com\/new-resizer\/AL-PMZrtlB5HLWcV1oAzwJbLtus=\/768x768\/filters:format(webp):quality(85)\/cloudfront-us-east-1.images.arcpublishing.com\/infobae\/PDO4QCE7MRB7NOTHQJRJJ2E4M4.jpg 768w,https:\/\/www.infobae.com\/new-resizer\/Z_Xy6fDOghCQLGo-Ox3ZVqHuF-I=\/992x992\/filters:format(webp):quality(85)\/cloudfront-us-east-1.images.arcpublishing.com\/infobae\/PDO4QCE7MRB7NOTHQJRJJ2E4M4.jpg 992w,https:\/\/www.infobae.com\/new-resizer\/ZK5kQ3eQofZhxm2Otc0rO4EzaAg=\/1200x1200\/filters:format(webp):quality(85)\/cloudfront-us-east-1.images.arcpublishing.com\/infobae\/PDO4QCE7MRB7NOTHQJRJJ2E4M4.jpg 1200w,https:\/\/www.infobae.com\/new-resizer\/ofE662uDJxQLT1jlkQgpj22dbM4=\/1440x1440\/filters:format(webp):quality(85)\/cloudfront-us-east-1.images.arcpublishing.com\/infobae\/PDO4QCE7MRB7NOTHQJRJJ2E4M4.jpg 1440w\" alt=\"El afectuoso mensaje de su hijo, Pablo Novak, para anunciar su fallecimiento (Foto: Twitter)\" width=\"1920\" height=\"1920\" data-src=\"https:\/\/www.infobae.com\/new-resizer\/9ZifzpNFscSoBbriy2rsPM1V374=\/arc-anglerfish-arc2-prod-infobae\/public\/PDO4QCE7MRB7NOTHQJRJJ2E4M4.jpg\" \/><\/div>\n<p class=\"paragraph\" data-mrf-recirculation=\"Links inline\">Con m\u00e1s de 70 a\u00f1os de historia, empez\u00f3 su camino art\u00edstico como baterista en orquestas de jazz e integr\u00f3 el elenco de\u00a0<i>El Club del Clan<\/i>\u00a0entre 1962 y 1964 pero forj\u00f3, con los a\u00f1os, una s\u00f3lida carrera integral:\u00a0<b>escribi\u00f3 casi 700 canciones, obras de teatro y m\u00fasica para shows y pel\u00edculas<\/b>. Tambi\u00e9n tuvo<b>\u00a0una faceta como actor e hizo varias pel\u00edculas<\/b>. Pero lo suyo era la m\u00fasica y all\u00ed hizo foco.<\/p>\n<p class=\"paragraph\" data-mrf-recirculation=\"Links inline\"><b>En 1965 escribi\u00f3 su primer tango, \u201cNuestro balance\u201d<\/b>. Ser\u00eda el primero de muchos, ya que con los a\u00f1os\u00a0<b>se destac\u00f3 en la composici\u00f3n y el canto de boleros<\/b>, convirti\u00e9ndose en un referente indiscutido en la materia. Luego vendr\u00edan\u00a0<b>\u201cDebut y despedida\u201d, \u201cAlgo contigo\u201d, \u201cComo\u201d, \u201cCuenta conmigo\u201d, \u201cArr\u00e1ncame la vida\u201d\u00a0<\/b>y<b>\u00a0\u201cCarta de un le\u00f3n a otro\u2026\u201d<\/b>, entre otros temas que marcaron a m\u00e1s de una generaci\u00f3n y se convirtieron en himnos del coraz\u00f3n.<\/p>\n<p class=\"paragraph\" data-mrf-recirculation=\"Links inline\">Cantantes de todo el mundo interpretaron sus temas, entre ellos\u00a0<b>Luis Miguel\u00a0<\/b>quien incluy\u00f3 la canci\u00f3n \u201cC\u00f3mo\u201d para ser incluida en su primer disco de boleros,\u00a0<i>Romance.<\/i>\u00a0Compuso canciones con otros importantes letristas y m\u00fasicos, como\u00a0<b>Eladia Bl\u00e1zquez, H\u00e9ctor Stamponi, Rub\u00e9n Ju\u00e1rez,<\/b>\u00a0entre otros artistas. Uno de sus \u00faltimos trabajos fue editar su repertorio en duetos con otros artistas latinoamericanos.<\/p>\n<div class=\"visual__image\"><img loading=\"lazy\" decoding=\"async\" class=\" lazyload\" src=\"https:\/\/www.infobae.com\/new-resizer\/UUpBebFecNFWJLpc2xhUQ3H9WWg=\/arc-anglerfish-arc2-prod-infobae\/public\/CAL2FYSKI5FYLLVDSSQJTJIOKY.jpg\" sizes=\"auto, (min-width: 800px) 50vw, 90vw\" srcset=\"https:\/\/www.infobae.com\/new-resizer\/EdECmo0Hl9cNe8_aPR9E3U4d8yw=\/420x420\/filters:format(webp):quality(85)\/cloudfront-us-east-1.images.arcpublishing.com\/infobae\/CAL2FYSKI5FYLLVDSSQJTJIOKY.jpg 420w,https:\/\/www.infobae.com\/new-resizer\/0o6OL-mokdOrC0Z1n0dgz3ChpBk=\/768x768\/filters:format(webp):quality(85)\/cloudfront-us-east-1.images.arcpublishing.com\/infobae\/CAL2FYSKI5FYLLVDSSQJTJIOKY.jpg 768w,https:\/\/www.infobae.com\/new-resizer\/6anrBfuOpizA6LsLwroF2jn2wBs=\/992x992\/filters:format(webp):quality(85)\/cloudfront-us-east-1.images.arcpublishing.com\/infobae\/CAL2FYSKI5FYLLVDSSQJTJIOKY.jpg 992w,https:\/\/www.infobae.com\/new-resizer\/cFBjP021wQFveenv8bjhBitA4mc=\/1200x1200\/filters:format(webp):quality(85)\/cloudfront-us-east-1.images.arcpublishing.com\/infobae\/CAL2FYSKI5FYLLVDSSQJTJIOKY.jpg 1200w,https:\/\/www.infobae.com\/new-resizer\/BYp7x3o1tky3IWqxlD33trd2EDM=\/1440x1440\/filters:format(webp):quality(85)\/cloudfront-us-east-1.images.arcpublishing.com\/infobae\/CAL2FYSKI5FYLLVDSSQJTJIOKY.jpg 1440w\" alt=\"La \u00faltima foto de Chico Novarro junto a su hijo, Pablo Novak\" width=\"1920\" height=\"1920\" data-src=\"https:\/\/www.infobae.com\/new-resizer\/UUpBebFecNFWJLpc2xhUQ3H9WWg=\/arc-anglerfish-arc2-prod-infobae\/public\/CAL2FYSKI5FYLLVDSSQJTJIOKY.jpg\" \/><\/div>\n<div><\/div>\n<\/div>\n<\/div>\n<\/div>\n<\/div>\n<\/div>\n<\/div>\n<p><iframe loading=\"lazy\" width=\"560\" height=\"315\" src=\"https:\/\/www.youtube.com\/embed\/jPLLrqTNtEQ\" title=\"YouTube video player\" frameborder=\"0\" allow=\"accelerometer; autoplay; clipboard-write; encrypted-media; gyroscope; picture-in-picture; web-share\" allowfullscreen><\/iframe><\/p>\n<p><iframe loading=\"lazy\" width=\"560\" height=\"315\" src=\"https:\/\/www.youtube.com\/embed\/U2xR9YuwuRk\" title=\"YouTube video player\" frameborder=\"0\" allow=\"accelerometer; autoplay; clipboard-write; encrypted-media; gyroscope; picture-in-picture; web-share\" allowfullscreen><\/iframe><\/p>\n<p><iframe loading=\"lazy\" width=\"560\" height=\"315\" src=\"https:\/\/www.youtube.com\/embed\/4Ey0kQcXFUg\" title=\"YouTube video player\" frameborder=\"0\" allow=\"accelerometer; autoplay; clipboard-write; encrypted-media; gyroscope; picture-in-picture; web-share\" allowfullscreen><\/iframe><\/p>\n","protected":false},"excerpt":{"rendered":"<p>La triste noticia fue comunicada por su amigo Dany Martin. Padre de los artistas Pablo Novak y Julieta Novarro, y muy querido por sus colegas, el autor de Carta de un le\u00f3n a otro y de Algo contigo supo construir una extensa y respetada trayectoria. Sufr\u00eda de EPOC terminal. Bernardo Mitnik, m\u00e1s conocido por su [&hellip;]<\/p>\n","protected":false},"author":1,"featured_media":99934,"comment_status":"closed","ping_status":"closed","sticky":false,"template":"","format":"standard","meta":{"_seopress_robots_primary_cat":"","_seopress_titles_title":"","_seopress_titles_desc":"","_seopress_robots_index":"","footnotes":""},"categories":[4],"tags":[37991,37992],"class_list":{"0":"post-99933","1":"post","2":"type-post","3":"status-publish","4":"format-standard","5":"has-post-thumbnail","7":"category-famosos","8":"tag-carrera-chico-novarro","9":"tag-muerte-chico-novarro"},"_links":{"self":[{"href":"https:\/\/www.cordobatimes.com\/showup\/wp-json\/wp\/v2\/posts\/99933","targetHints":{"allow":["GET"]}}],"collection":[{"href":"https:\/\/www.cordobatimes.com\/showup\/wp-json\/wp\/v2\/posts"}],"about":[{"href":"https:\/\/www.cordobatimes.com\/showup\/wp-json\/wp\/v2\/types\/post"}],"author":[{"embeddable":true,"href":"https:\/\/www.cordobatimes.com\/showup\/wp-json\/wp\/v2\/users\/1"}],"replies":[{"embeddable":true,"href":"https:\/\/www.cordobatimes.com\/showup\/wp-json\/wp\/v2\/comments?post=99933"}],"version-history":[{"count":0,"href":"https:\/\/www.cordobatimes.com\/showup\/wp-json\/wp\/v2\/posts\/99933\/revisions"}],"wp:featuredmedia":[{"embeddable":true,"href":"https:\/\/www.cordobatimes.com\/showup\/wp-json\/wp\/v2\/media\/99934"}],"wp:attachment":[{"href":"https:\/\/www.cordobatimes.com\/showup\/wp-json\/wp\/v2\/media?parent=99933"}],"wp:term":[{"taxonomy":"category","embeddable":true,"href":"https:\/\/www.cordobatimes.com\/showup\/wp-json\/wp\/v2\/categories?post=99933"},{"taxonomy":"post_tag","embeddable":true,"href":"https:\/\/www.cordobatimes.com\/showup\/wp-json\/wp\/v2\/tags?post=99933"}],"curies":[{"name":"wp","href":"https:\/\/api.w.org\/{rel}","templated":true}]}}