{"id":99897,"date":"2023-08-17T12:06:49","date_gmt":"2023-08-17T15:06:49","guid":{"rendered":"https:\/\/www.cordobatimes.com\/showup\/?p=99897"},"modified":"2023-08-17T12:06:49","modified_gmt":"2023-08-17T15:06:49","slug":"benjamin-vicuna-hablo-sobre-el-supuesto-affaire-con-natalia-oreiro","status":"publish","type":"post","link":"https:\/\/www.cordobatimes.com\/showup\/famosos\/2023\/08\/17\/benjamin-vicuna-hablo-sobre-el-supuesto-affaire-con-natalia-oreiro\/","title":{"rendered":"Benjam\u00edn Vicu\u00f1a habl\u00f3 sobre el supuesto affaire con Natalia Oreiro"},"content":{"rendered":"<h3><strong>El actor rompi\u00f3 el silencio con respecto a los dichos de su exmujer cuando cont\u00f3 que no trabajar\u00eda nunca con una actriz que fue poco emp\u00e1tica con ella.<\/strong><\/h3>\n<p>Si bien han pasado muchos a\u00f1os desde que\u00a0Carolina\u00a0Pampita\u00a0Ardohain\u00a0y\u00a0Benjam\u00edn Vicu\u00f1a\u00a0rompieron su v\u00ednculo matrimonial y luego cada uno retom\u00f3 su vida por su lado, en estos d\u00edas se reflot\u00f3 una vieja pelea, al parecer entre la conductora de\u00a0El Hotel de los Famosos\u00a0y una conocida actriz, en teor\u00eda por una infidelidad del actor chileno. Todo comenz\u00f3 el lunes pasado cuando, al aire de\u00a0LAM\u00a0(Am\u00e9rica), la integrante del jurado de Bailando 2023 se refiri\u00f3 en una entrevista con\u00a0\u00c1ngel De Brito\u00a0a una actriz con la que no trabajar\u00eda nunca.<\/p>\n<p>En ese momento, Pampita le respondi\u00f3 al conductor del ciclo de Am\u00e9rica:\u00a0\u201cS\u00ed, hay una actriz con la que no trabajar\u00eda.\u00a0\u00bfPor qu\u00e9?\u00a0Porque me parece que no tuvo empat\u00eda, de mujer a mujer\u201d,\u00a0reconoci\u00f3 tajante. \u201cNo te lo esperabas de ella&#8230;\u201d, interpret\u00f3 de Brito, pero Pampita lo retruc\u00f3:\u00a0\u201cS\u00ed, me lo esperaba de ella\u201d.<\/p>\n<p>De inmediato, las redes sociales se hicieron eco de las palabras de la exmujer de Benjam\u00edn Vicu\u00f1a y comenzaron a especular acerca del nombre de la actriz en cuesti\u00f3n. Y llegaron a la conclusi\u00f3n de que pod\u00eda ser\u00a0Natalia Oreiro\u00a0o\u00a0Romina Gaetani,\u00a0ya que tanto la\u00a0China Su\u00e1rez\u00a0como\u00a0Isabel Macedo\u00a0hab\u00edan sido descartadas por la propia Carolina. M\u00e1s precisamente hab\u00eda surgido el rumor de un\u00a0fogoso acercamiento entre Benjam\u00edn y la actriz y cantante uruguaya\u00a0durante las grabaciones de la telenovela\u00a0Entre Can\u00edbales.<\/p>\n<p class=\"paragraph\" data-mrf-recirculation=\"Links inline\">Entonces, el que fue consultado acerca de estos comentarios fue el actor chileno quien, en una nota con<i>\u00a0Socios del Espect\u00e1culo\u00a0<\/i>(El Trece), dio su parecer al respecto. \u201cElla\u00a0<b>tiene una vida que va m\u00e1s all\u00e1 de Benjam\u00edn<\/b>. Digo,<b>\u00a0las diferencias que pueda tener o no con una actriz va mucho m\u00e1s all\u00e1 de los diez a\u00f1os que estuvo en pareja conmigo<\/b>\u201d, expres\u00f3 haciendo alusi\u00f3n a la madre de sus hijos<b>\u00a0Bautista, Benicio y Beltr\u00e1n.<\/b><\/p>\n<p class=\"paragraph\" data-mrf-recirculation=\"Links inline\">M\u00e1s adelante, Vicu\u00f1a agreg\u00f3 contundente: \u201c<b>Me parece muy autorreferente<\/b>\u00a0creer que tiene que ver con mi historia. No s\u00e9,<b>\u00a0me parece raro<\/b>, \u00bfqu\u00e9 quer\u00e9s que te diga?\u201d. Por \u00faltimo, el artista se deslig\u00f3 de las palabras de su exesposa. \u201cNo lo he visto y\u00a0<b>no me puedo hacer cargo\u00a0<\/b>del enigm\u00e1tico de alguien&#8230; \u00bfSe entiende? \u00a1S\u00ed!\u201d, indic\u00f3 seriamente.<\/p>\n<p class=\"paragraph\" data-mrf-recirculation=\"Links inline\">Cabe recordar que el lunes pasado, luego de las declaraciones de la conductora, se volvieron a hacer virales unos tuits de Carolina del a\u00f1o 2015, cuando habr\u00edan sucedido los hechos.\u00a0<b>\u201cRealmente alguien cree que se justifica hacerme pasar por tanto dolor<\/b>\u00a0solo para tratar de conseguir un punto m\u00e1s de rating?\u201d hab\u00eda expresado Pampita el 27 de junio de ese a\u00f1o y hab\u00eda puesto el hashtag \u201cEntre Can\u00edbales\u201d, la telenovela que protagonizaba su exmarido con Oreiro.<\/p>\n<div class=\"visual__image\"><img loading=\"lazy\" decoding=\"async\" class=\" lazyload\" src=\"https:\/\/www.infobae.com\/new-resizer\/w5Go5qGT1dDFtBxv06RG_EE9ryU=\/arc-anglerfish-arc2-prod-infobae\/public\/5WO3FQ6ZMZCMFNG4G5GQNHNRM4.PNG\" sizes=\"auto, (min-width: 800px) 50vw, 90vw\" srcset=\"https:\/\/www.infobae.com\/new-resizer\/vBjIp2C0Q8m3kYTIr_rGZdFLJB8=\/420x420\/filters:format(webp):quality(85)\/cloudfront-us-east-1.images.arcpublishing.com\/infobae\/5WO3FQ6ZMZCMFNG4G5GQNHNRM4.PNG 420w,https:\/\/www.infobae.com\/new-resizer\/KTa15dRFMu5hD9LI5kdEvVxDCoE=\/768x768\/filters:format(webp):quality(85)\/cloudfront-us-east-1.images.arcpublishing.com\/infobae\/5WO3FQ6ZMZCMFNG4G5GQNHNRM4.PNG 768w,https:\/\/www.infobae.com\/new-resizer\/4AhsNhLoAje8bzePmpVVdSN1inU=\/992x992\/filters:format(webp):quality(85)\/cloudfront-us-east-1.images.arcpublishing.com\/infobae\/5WO3FQ6ZMZCMFNG4G5GQNHNRM4.PNG 992w,https:\/\/www.infobae.com\/new-resizer\/rIRQfU1vTm6KZC_0OxNjZ9eLVpU=\/1200x1200\/filters:format(webp):quality(85)\/cloudfront-us-east-1.images.arcpublishing.com\/infobae\/5WO3FQ6ZMZCMFNG4G5GQNHNRM4.PNG 1200w,https:\/\/www.infobae.com\/new-resizer\/eCjJarAeIpSiTtzyKKKzufJu_ro=\/1440x1440\/filters:format(webp):quality(85)\/cloudfront-us-east-1.images.arcpublishing.com\/infobae\/5WO3FQ6ZMZCMFNG4G5GQNHNRM4.PNG 1440w\" alt=\"Los tuits de Carolina Ardohain del a\u00f1o 2015 que volvieron a viralizarse tras sus dichos de que no volver\u00eda a trabajar con una actriz poco emp\u00e1tica (Twitter)\" width=\"627\" height=\"562\" data-src=\"https:\/\/www.infobae.com\/new-resizer\/w5Go5qGT1dDFtBxv06RG_EE9ryU=\/arc-anglerfish-arc2-prod-infobae\/public\/5WO3FQ6ZMZCMFNG4G5GQNHNRM4.PNG\" \/><\/div>\n<p class=\"paragraph\" data-mrf-recirculation=\"Links inline\">Ese mismo d\u00eda de 2015, unos minutos despu\u00e9s, la exconductora de El Hotel de los Famosos hab\u00eda expresado en otro tuit:\u00a0<b>\u201cVeo c\u00f3mo juegan con el futuro de una familia en donde hay hijos peque\u00f1os<\/b>. Con una liviandad sorprendente se r\u00eden y comentan\u201d.<\/p>\n<p class=\"paragraph\" data-mrf-recirculation=\"Links inline\">Luego de que los usuarios reflotaron estas declaraciones antiguas de Carolina, los comentarios no se hicieron esperar y sus fans relacionaron a la cantante y actriz uruguaya con el episodio al que se refer\u00eda Pampita. En esa \u00e9poca, la periodista\u00a0<b>Anal\u00eda Franch\u00edn\u00a0<\/b>hab\u00eda contado en<i>\u00a0Los \u00e1ngeles de la ma\u00f1ana<\/i>, el ciclo que conduc\u00eda \u00c1ngel De Brito por la se\u00f1al de El Trece, que ella ten\u00eda informaci\u00f3n de un posible<i>\u00a0affaire<\/i>\u00a0entre los actores. \u201c<b>Lo tengo confirmad\u00edsimo<\/b>. Un fot\u00f3grafo me est\u00e1 confirmando que todos los mediod\u00edas Vicu\u00f1a y Oreiro se iban a un telo de la zona donde grababan\u201d, hab\u00eda disparado sin filtros durante el programa matutino de chimentos.<\/p>\n","protected":false},"excerpt":{"rendered":"<p>El actor rompi\u00f3 el silencio con respecto a los dichos de su exmujer cuando cont\u00f3 que no trabajar\u00eda nunca con una actriz que fue poco emp\u00e1tica con ella. Si bien han pasado muchos a\u00f1os desde que\u00a0Carolina\u00a0Pampita\u00a0Ardohain\u00a0y\u00a0Benjam\u00edn Vicu\u00f1a\u00a0rompieron su v\u00ednculo matrimonial y luego cada uno retom\u00f3 su vida por su lado, en estos d\u00edas se reflot\u00f3 [&hellip;]<\/p>\n","protected":false},"author":1,"featured_media":99898,"comment_status":"closed","ping_status":"closed","sticky":false,"template":"","format":"standard","meta":{"_seopress_robots_primary_cat":"","_seopress_titles_title":"","_seopress_titles_desc":"","_seopress_robots_index":"","footnotes":""},"categories":[4],"tags":[37981,36958],"class_list":{"0":"post-99897","1":"post","2":"type-post","3":"status-publish","4":"format-standard","5":"has-post-thumbnail","7":"category-famosos","8":"tag-benjamin-vicuna-natalia-oreiro","9":"tag-benjamin-vicuna-pampita"},"_links":{"self":[{"href":"https:\/\/www.cordobatimes.com\/showup\/wp-json\/wp\/v2\/posts\/99897","targetHints":{"allow":["GET"]}}],"collection":[{"href":"https:\/\/www.cordobatimes.com\/showup\/wp-json\/wp\/v2\/posts"}],"about":[{"href":"https:\/\/www.cordobatimes.com\/showup\/wp-json\/wp\/v2\/types\/post"}],"author":[{"embeddable":true,"href":"https:\/\/www.cordobatimes.com\/showup\/wp-json\/wp\/v2\/users\/1"}],"replies":[{"embeddable":true,"href":"https:\/\/www.cordobatimes.com\/showup\/wp-json\/wp\/v2\/comments?post=99897"}],"version-history":[{"count":0,"href":"https:\/\/www.cordobatimes.com\/showup\/wp-json\/wp\/v2\/posts\/99897\/revisions"}],"wp:featuredmedia":[{"embeddable":true,"href":"https:\/\/www.cordobatimes.com\/showup\/wp-json\/wp\/v2\/media\/99898"}],"wp:attachment":[{"href":"https:\/\/www.cordobatimes.com\/showup\/wp-json\/wp\/v2\/media?parent=99897"}],"wp:term":[{"taxonomy":"category","embeddable":true,"href":"https:\/\/www.cordobatimes.com\/showup\/wp-json\/wp\/v2\/categories?post=99897"},{"taxonomy":"post_tag","embeddable":true,"href":"https:\/\/www.cordobatimes.com\/showup\/wp-json\/wp\/v2\/tags?post=99897"}],"curies":[{"name":"wp","href":"https:\/\/api.w.org\/{rel}","templated":true}]}}