{"id":99890,"date":"2023-08-17T10:37:53","date_gmt":"2023-08-17T13:37:53","guid":{"rendered":"https:\/\/www.cordobatimes.com\/showup\/?p=99890"},"modified":"2023-08-17T10:37:53","modified_gmt":"2023-08-17T13:37:53","slug":"esteban-trebucq-y-marcela-feudale-se-cruzaron-en-lam-por-las-propuestas-de-gobierno-de-javier-milei","status":"publish","type":"post","link":"https:\/\/www.cordobatimes.com\/showup\/tv\/2023\/08\/17\/esteban-trebucq-y-marcela-feudale-se-cruzaron-en-lam-por-las-propuestas-de-gobierno-de-javier-milei\/","title":{"rendered":"Esteban Trebucq y Marcela Feudale se cruzaron en LAM  por las propuestas de gobierno de Javier Milei"},"content":{"rendered":"<h3><strong>El periodista estuvo de invitado en LAM y cuando analizaban el resultado de las PASO.<\/strong><\/h3>\n<p>Este mi\u00e9rcoles,\u00a0<b>Esteban Trebucq<\/b>\u00a0visit\u00f3\u00a0<i>LAM\u00a0<\/i>(Am\u00e9rica) para debatir junto a \u00c1ngel de Brito y las \u201cangelitas\u201d los resultados de las Elecciones Primarias, Abiertas, Simult\u00e1neas y Obligatorias (PASO) presidenciales que se celebraron el \u00faltimo domingo en toda la Argentina. Cuando le preguntaron si se hab\u00eda sorprendido por el triunfo de\u00a0<b>Javier Milei<\/b>, l\u00edder del partido La Libertad Avanza, el conductor de\u00a0<i>La Cruel Verdad<\/i>\u00a0(A24) dijo que no.<\/p>\n<p class=\"paragraph\" data-mrf-recirculation=\"Links inline\">\u201cHab\u00eda que salir a la calle para darse cuenta de c\u00f3mo ven\u00eda eso. Persona que me cruzaba, me dec\u00eda: \u2018Pelado, voto a Milei\u2019. El taxi, el Uber, el que viene a arreglar algo a casa, la se\u00f1ora que trabaja en casa\u201d, argument\u00f3. \u201cMilei viene a cortar la narrativa de la decadencia en la Argentina. Desde hace muchos a\u00f1os Argentina asiste a una narrativa decadente, hemos hecho de la vagancia un culto. Y Milei viene a romper esa narrativa\u201d, agreg\u00f3 seg\u00fan su l\u00ednea de pensamiento y al buscar razones que justificaran la victoria del pol\u00e9mico pol\u00edtico libertario.<\/p>\n<p class=\"paragraph\" data-mrf-recirculation=\"Links inline\">En ese punto y desde el panel intervino\u00a0<b>Marcela Feudale<\/b>. \u201cPero desde la esperanza, no desde las propuestas, porque algunas si vos las analiz\u00e1s, algunas propuestas son fuertes\u201d, plante\u00f3 la hist\u00f3rica locutora de los ciclos conducidos por Marcelo Tinelli. \u201cDiscut\u00e1moslo, \u00bfqu\u00e9 propuestas?\u201d, le replic\u00f3 Trebucq. \u201cLo de la educaci\u00f3n p\u00fablica es heavy\u201d, respondi\u00f3 ella. \u201cEs disruptivo, te lo tomo\u201d, coincidi\u00f3 el periodista pol\u00edtico.<\/p>\n<p class=\"paragraph\" data-mrf-recirculation=\"Links inline\"><b>\u201cSegundo, si ponemos la venta de \u00f3rganos\u201d,<\/b>\u00a0agreg\u00f3 Feudale. Y en ese punto, el di\u00e1logo entre ellos se puso tenso, especialmente despu\u00e9s de que Trebucq le preguntara a la panelista si dicha propuesta \u201cestaba en la plataforma electoral de Milei\u201d.<\/p>\n<p class=\"paragraph\" data-mrf-recirculation=\"Links inline\">\u201cNo, pero el discurso existe\u201d, le respondi\u00f3 la locutora. Y a partir de eso, redobl\u00f3 su apuesta: \u201c\u00bfD\u00f3nde est\u00e1 la plataforma de Milei? \u00bfPor qu\u00e9 no nos dice d\u00f3nde est\u00e1 la plataforma?\u201d. \u201cEst\u00e1 en todos lados, la tendr\u00edas que haber visto\u201d, le contest\u00f3 Trebucq<b>. \u201c\u00c9l la tendr\u00eda que contar\u201d,<\/b>\u00a0insisti\u00f3 Feudale en su punto.<\/p>\n<p class=\"paragraph\" data-mrf-recirculation=\"Links inline\">Ese fue el pie para que el periodista invitado partiera las aguas en el di\u00e1logo. \u201cPerdoname, no quiero confrontar con vos. Yo reci\u00e9n ve\u00eda la apertura y no conoc\u00eda a nadie, porque no estoy informando. Te lo digo con mucho respeto: no est\u00e1s informada\u201d, le contest\u00f3 haciendo referencia a un video que se emiti\u00f3 previamente y en el que se vieron algunos de los pr\u00f3ximos participantes del\u00a0<i>Bailando 2023<\/i>.<\/p>\n<p class=\"paragraph\" data-mrf-recirculation=\"Links inline\"><b>\u201c\u00bfNo estoy informada de un tipo que dijo que va a autorizar la venta de \u00f3rganos?\u201d,<\/b>\u00a0le respondi\u00f3 Feudale. \u201cNo quiero defender eso, pero dijiste que no explicit\u00f3 la plataforma. Hizo un vivo en Instagram\u201d, dijo Trebucq. \u201c\u00bfNo estoy informada de un tipo que dijo que va a dinamitar el ministerio de trabajo?\u201d, volvi\u00f3 a preguntar la locutora. \u201cPero est\u00e1s hablando de otra cosa\u201d, le dijo el periodista por su parte.<\/p>\n<p class=\"paragraph\" data-mrf-recirculation=\"Links inline\">\u201cVos me dijiste: \u2018\u00bfPor qu\u00e9 Milei no cuenta la plataforma?\u2019 Y la plataforma est\u00e1 en todos lados, la hizo p\u00fablica \u00e9l. Habl\u00f3 una hora en un vivo en Instagram que tiene m\u00e1s de un mill\u00f3n de reproducciones. Vos dijiste que no la hizo p\u00fablica\u201d, agreg\u00f3 Trebucq.\u00a0<b>\u201cNo, yo no s\u00e9 si est\u00e1 en Internet. Eso lo desconozco\u201d<\/b>, respondi\u00f3 Marcela. \u201cBueno, informate\u201d, retruc\u00f3 \u00e9l, tajante. \u201cInformame vos. \u00bfEst\u00e1 en Internet?\u201d, quiso saber ella. \u201cNo, pero yo no soy el vocero de Milei\u201d, dijo Trebucq.<\/p>\n<p class=\"paragraph\" data-mrf-recirculation=\"Links inline\">\u201cDecime, \u00bfest\u00e1 colgada en Internet?, \u00bfla gente puede ir a verla?\u201d, insisti\u00f3 Feudale, firme en su posici\u00f3n.\u00a0<b>\u201cPero vos deber\u00edas saberlo. S\u00ed, claro, est\u00e1 en todos lados\u201d,<\/b>\u00a0contest\u00f3 el periodista. \u201cNo tengo por qu\u00e9 saberlo, no me dedico al periodismo pol\u00edtico\u201d, le dijo ella. \u201cPero entonces no digas que no la explicit\u00f3\u201d, respondi\u00f3 el periodista.\u00a0<b>\u201cNo seas maleducado, porque te estoy preguntando a vos\u00a0<\/b>que te dedic\u00e1s al periodismo pol\u00edtico si est\u00e1 publicada, nada m\u00e1s\u201d, le dijo ella.<\/p>\n<p class=\"paragraph\" data-mrf-recirculation=\"Links inline\">\u201cVos est\u00e1s haciendo una conjetura a partir de un dato falso: \u2018No explicit\u00f3 la propuesta\u2019. Y la explicit\u00f3. Vos no est\u00e1s informada, no la viste\u201d, dijo el periodista. \u201c\u00c9l dijo que iba a legalizar las armas\u201d, insisti\u00f3 Feudale sobre las posibles medidas de gobierno de Milei.\u00a0<b>\u201cSi no te gusta es v\u00e1lido, pero part\u00eds de un dato falso, que no present\u00f3 la propuesta\u201d,<\/b>\u00a0dijo Trebucq y cerr\u00f3 la discusi\u00f3n.<\/p>\n<div style=\"width: 480px;\" class=\"wp-video\"><video class=\"wp-video-shortcode\" id=\"video-99890-1\" width=\"480\" height=\"270\" preload=\"metadata\" controls=\"controls\"><source type=\"video\/mp4\" src=\"https:\/\/www.cordobatimes.com\/showup\/wp-content\/uploads\/2023\/08\/s6RXuXL6-34105376.mp4?_=1\" \/><a href=\"https:\/\/www.cordobatimes.com\/showup\/wp-content\/uploads\/2023\/08\/s6RXuXL6-34105376.mp4\">https:\/\/www.cordobatimes.com\/showup\/wp-content\/uploads\/2023\/08\/s6RXuXL6-34105376.mp4<\/a><\/video><\/div>\n","protected":false},"excerpt":{"rendered":"<p>El periodista estuvo de invitado en LAM y cuando analizaban el resultado de las PASO. Este mi\u00e9rcoles,\u00a0Esteban Trebucq\u00a0visit\u00f3\u00a0LAM\u00a0(Am\u00e9rica) para debatir junto a \u00c1ngel de Brito y las \u201cangelitas\u201d los resultados de las Elecciones Primarias, Abiertas, Simult\u00e1neas y Obligatorias (PASO) presidenciales que se celebraron el \u00faltimo domingo en toda la Argentina. Cuando le preguntaron si se [&hellip;]<\/p>\n","protected":false},"author":1,"featured_media":99891,"comment_status":"closed","ping_status":"closed","sticky":false,"template":"","format":"standard","meta":{"_seopress_robots_primary_cat":"","_seopress_titles_title":"","_seopress_titles_desc":"","_seopress_robots_index":"","footnotes":""},"categories":[2],"tags":[37975,37977,37976,37974],"class_list":{"0":"post-99890","1":"post","2":"type-post","3":"status-publish","4":"format-standard","5":"has-post-thumbnail","7":"category-tv","8":"tag-esteban-trebucq-y-marcela-feudale","9":"tag-esteban-trebucq-y-marcela-feudale-javier-milei","10":"tag-esteban-trebucq-y-marcela-feudale-propuestas-de-gobierno-de-javier-milei","11":"tag-esteban-trebucq-y-marcela-feudale-se-cruzaron-en-lam"},"_links":{"self":[{"href":"https:\/\/www.cordobatimes.com\/showup\/wp-json\/wp\/v2\/posts\/99890","targetHints":{"allow":["GET"]}}],"collection":[{"href":"https:\/\/www.cordobatimes.com\/showup\/wp-json\/wp\/v2\/posts"}],"about":[{"href":"https:\/\/www.cordobatimes.com\/showup\/wp-json\/wp\/v2\/types\/post"}],"author":[{"embeddable":true,"href":"https:\/\/www.cordobatimes.com\/showup\/wp-json\/wp\/v2\/users\/1"}],"replies":[{"embeddable":true,"href":"https:\/\/www.cordobatimes.com\/showup\/wp-json\/wp\/v2\/comments?post=99890"}],"version-history":[{"count":0,"href":"https:\/\/www.cordobatimes.com\/showup\/wp-json\/wp\/v2\/posts\/99890\/revisions"}],"wp:featuredmedia":[{"embeddable":true,"href":"https:\/\/www.cordobatimes.com\/showup\/wp-json\/wp\/v2\/media\/99891"}],"wp:attachment":[{"href":"https:\/\/www.cordobatimes.com\/showup\/wp-json\/wp\/v2\/media?parent=99890"}],"wp:term":[{"taxonomy":"category","embeddable":true,"href":"https:\/\/www.cordobatimes.com\/showup\/wp-json\/wp\/v2\/categories?post=99890"},{"taxonomy":"post_tag","embeddable":true,"href":"https:\/\/www.cordobatimes.com\/showup\/wp-json\/wp\/v2\/tags?post=99890"}],"curies":[{"name":"wp","href":"https:\/\/api.w.org\/{rel}","templated":true}]}}