{"id":99886,"date":"2023-08-16T13:37:23","date_gmt":"2023-08-16T16:37:23","guid":{"rendered":"https:\/\/www.cordobatimes.com\/showup\/?p=99886"},"modified":"2023-08-16T13:37:23","modified_gmt":"2023-08-16T16:37:23","slug":"mirtha-legrand-fue-ovacionada-en-el-show-de-luis-miguel","status":"publish","type":"post","link":"https:\/\/www.cordobatimes.com\/showup\/famosos\/2023\/08\/16\/mirtha-legrand-fue-ovacionada-en-el-show-de-luis-miguel\/","title":{"rendered":"Mirtha Legrand fue ovacionada en el show de Luis Miguel"},"content":{"rendered":"<h3 class=\"article-headline left \"><strong>El cantante baj\u00f3 por primera vez del escenario y la salud\u00f3<\/strong><\/h3>\n<p><b>Mirtha Legrand<\/b>\u00a0fue a ver este martes por la noche al cantante\u00a0<b>Luis Miguel<\/b>\u00a0en el estadio Movistar Arena, donde el cantante lleva sus presentaciones que hasta el viernes ser\u00e1n un total de 10 shows. La diva lleg\u00f3 al lugar acompa\u00f1ada por Juana Viale y su bisnieta Ambar, adem\u00e1s de un grupo de amigos que la ayudaron a ubicarse en las primeras filas para ver el evento protagonizado por el artista mexicano.<\/p>\n<p class=\"paragraph\" data-mrf-recirculation=\"Links inline\">Antes de que Luismi salga al escenario, las fan\u00e1ticas de int\u00e9rprete la recibieron de una manera c\u00e1lida con gritos de euforia.<b>\u00a0\u201cDale, Mirtha\u201d<\/b>\u00a0y la canci\u00f3n<b>\u00a0\u201cOl\u00e9, ol\u00e9, ol\u00e9 ol\u00e9, Mirtha, Mirtha\u201d<\/b>, fueron una de las tantas muestras de cari\u00f1o que le expresaron a la Chiqui. Durante el recital, la imagen de la diva fue replicada en una de las pantallas gigantes ubicadas en el estadio.<\/p>\n<div class=\"inline ad-wrapper\">\n<div class=\"dfpAd ad-inline\">\n<div id=\"infobae\/teleshow\/nota\/inline\" class=\"infobae\/teleshow\/nota\/inline arcad\" data-google-query-id=\"COTVoojM4YADFf6ElQId_MUANw\">\n<div id=\"google_ads_iframe_\/1058609\/infobae\/teleshow\/nota\/inline_0__container__\">Cerca del final de la noche, Luis Miguel se baj\u00f3 del escenario-actitud que nunca hab\u00eda tenido hasta el momento- y se acerc\u00f3 al lugar donde se encontraba Mirtha con parte de su familia y la salud\u00f3 c\u00e1lidamente, provocando una explosi\u00f3n entre los presentes que se sorprendieron por el gesto del mexicano. El p\u00fablico rode\u00f3 ese encuentro entre aplausos y gritos de aliento hac\u00eda los protagonistas de esa inesperada escena.<\/div>\n<\/div>\n<\/div>\n<\/div>\n<div style=\"width: 480px;\" class=\"wp-video\"><video class=\"wp-video-shortcode\" id=\"video-99886-1\" width=\"480\" height=\"854\" preload=\"metadata\" controls=\"controls\"><source type=\"video\/mp4\" src=\"https:\/\/www.cordobatimes.com\/showup\/wp-content\/uploads\/2023\/08\/hZInsbRu-34105376.mp4?_=1\" \/><a href=\"https:\/\/www.cordobatimes.com\/showup\/wp-content\/uploads\/2023\/08\/hZInsbRu-34105376.mp4\">https:\/\/www.cordobatimes.com\/showup\/wp-content\/uploads\/2023\/08\/hZInsbRu-34105376.mp4<\/a><\/video><\/div>\n","protected":false},"excerpt":{"rendered":"<p>El cantante baj\u00f3 por primera vez del escenario y la salud\u00f3 Mirtha Legrand\u00a0fue a ver este martes por la noche al cantante\u00a0Luis Miguel\u00a0en el estadio Movistar Arena, donde el cantante lleva sus presentaciones que hasta el viernes ser\u00e1n un total de 10 shows. La diva lleg\u00f3 al lugar acompa\u00f1ada por Juana Viale y su bisnieta [&hellip;]<\/p>\n","protected":false},"author":1,"featured_media":99888,"comment_status":"closed","ping_status":"closed","sticky":false,"template":"","format":"standard","meta":{"_seopress_robots_primary_cat":"","_seopress_titles_title":"","_seopress_titles_desc":"","_seopress_robots_index":"","footnotes":""},"categories":[4],"tags":[37972,37973],"class_list":{"0":"post-99886","1":"post","2":"type-post","3":"status-publish","4":"format-standard","5":"has-post-thumbnail","7":"category-famosos","8":"tag-mirtha-legrand-luis-miguel","9":"tag-mirtha-legrand-show-de-luis-miguel"},"_links":{"self":[{"href":"https:\/\/www.cordobatimes.com\/showup\/wp-json\/wp\/v2\/posts\/99886","targetHints":{"allow":["GET"]}}],"collection":[{"href":"https:\/\/www.cordobatimes.com\/showup\/wp-json\/wp\/v2\/posts"}],"about":[{"href":"https:\/\/www.cordobatimes.com\/showup\/wp-json\/wp\/v2\/types\/post"}],"author":[{"embeddable":true,"href":"https:\/\/www.cordobatimes.com\/showup\/wp-json\/wp\/v2\/users\/1"}],"replies":[{"embeddable":true,"href":"https:\/\/www.cordobatimes.com\/showup\/wp-json\/wp\/v2\/comments?post=99886"}],"version-history":[{"count":0,"href":"https:\/\/www.cordobatimes.com\/showup\/wp-json\/wp\/v2\/posts\/99886\/revisions"}],"wp:featuredmedia":[{"embeddable":true,"href":"https:\/\/www.cordobatimes.com\/showup\/wp-json\/wp\/v2\/media\/99888"}],"wp:attachment":[{"href":"https:\/\/www.cordobatimes.com\/showup\/wp-json\/wp\/v2\/media?parent=99886"}],"wp:term":[{"taxonomy":"category","embeddable":true,"href":"https:\/\/www.cordobatimes.com\/showup\/wp-json\/wp\/v2\/categories?post=99886"},{"taxonomy":"post_tag","embeddable":true,"href":"https:\/\/www.cordobatimes.com\/showup\/wp-json\/wp\/v2\/tags?post=99886"}],"curies":[{"name":"wp","href":"https:\/\/api.w.org\/{rel}","templated":true}]}}