{"id":9987,"date":"2014-01-24T15:02:38","date_gmt":"2014-01-24T18:02:38","guid":{"rendered":"http:\/\/cordobatimes.com\/showup\/?p=9987"},"modified":"2019-11-03T13:39:02","modified_gmt":"2019-11-03T16:39:02","slug":"sandra-mihanovich-cantara-el-himno-en-la-copa-davis","status":"publish","type":"post","link":"https:\/\/www.cordobatimes.com\/showup\/musica\/2014\/01\/24\/sandra-mihanovich-cantara-el-himno-en-la-copa-davis\/","title":{"rendered":"Sandra Mihanovich cantar\u00e1 el himno en la Copa Davis"},"content":{"rendered":"<h3 style=\"text-align: justify;\"><strong>La cantante ser\u00e1 la interprete elegida por la organizaci\u00f3n del importante torneo. Conoc\u00e9 los detalles a continuaci\u00f3n.<\/strong><\/h3>\n<p style=\"text-align: justify;\"><strong>Sandra Mihanovich comenz\u00f3 el a\u00f1o con la agenda llena<\/strong>. El <strong>mi\u00e9rcoles 29<\/strong>, est\u00e1 invitada a participar de la<strong> Cena de Gala<\/strong> organizada por la <strong>AAT<\/strong> (Asociaci\u00f3n Argentina de Tenis) en el<strong> Hotel NH Provincial<\/strong> y el <strong>viernes 31<\/strong>, tendr\u00e1 el honor de cantar el <strong>Himno Nacional Argentino<\/strong> en el Patin\u00f3dromo, a las 11,15, <strong>en la Apertura de la Copa Davis.<\/strong><\/p>\n<p style=\"text-align: justify;\">Tambi\u00e9n dar\u00e1 un show, el mismo d\u00eda en <strong>La Lober\u00eda<\/strong>, con entrada gratuita con motivo del festejo del\u00a0<strong>123 Aniversario de la Ciudad en el Play\u00f3n del Palacio Municipal<\/strong> a partir de las 20,30, recreando sus cl\u00e1sicos y presentando canciones de su \u00faltimo cd \u201cVuelvo a estar con vos\u201d.<\/p>\n<p style=\"text-align: justify;\">Otro compromiso tiene el s\u00e1bado 1\u00b0 de Febrero,<b>\u00a0<\/b>ya que<b>\u00a0<\/b>\u00a0participar\u00e1 de los recitales que, bajo el t\u00edtulo de #Ven\u00ed al MAR, ofrece el<strong> Instituto Cultural del gobierno de la provincia de Buenos Aires<\/strong>\u00a0en la plaza contigua al edificio del museo. All\u00ed se la podr\u00e1 ver a partir de la 20.00 con entrada Libre y Gratuita en las calles Concepci\u00f3n Arenal entre Dardo Rocha y Gutierrez.<\/p>\n","protected":false},"excerpt":{"rendered":"<p>La cantante ser\u00e1 la interprete elegida por la organizaci\u00f3n del importante torneo. Conoc\u00e9 los detalles a continuaci\u00f3n. Sandra Mihanovich comenz\u00f3 el a\u00f1o con la agenda llena. El mi\u00e9rcoles 29, est\u00e1 invitada a participar de la Cena de Gala organizada por la AAT (Asociaci\u00f3n Argentina de Tenis) en el Hotel NH Provincial y el viernes 31, [&hellip;]<\/p>\n","protected":false},"author":9,"featured_media":10046,"comment_status":"closed","ping_status":"closed","sticky":false,"template":"","format":"standard","meta":{"_seopress_robots_primary_cat":"","_seopress_titles_title":"","_seopress_titles_desc":"","_seopress_robots_index":"","footnotes":""},"categories":[5],"tags":[25269,25268],"class_list":{"0":"post-9987","1":"post","2":"type-post","3":"status-publish","4":"format-standard","5":"has-post-thumbnail","7":"category-musica","8":"tag-el-himno-nacional-en-la-copa-davis","9":"tag-sandra-mihanovich-en-la-copa-davis"},"_links":{"self":[{"href":"https:\/\/www.cordobatimes.com\/showup\/wp-json\/wp\/v2\/posts\/9987","targetHints":{"allow":["GET"]}}],"collection":[{"href":"https:\/\/www.cordobatimes.com\/showup\/wp-json\/wp\/v2\/posts"}],"about":[{"href":"https:\/\/www.cordobatimes.com\/showup\/wp-json\/wp\/v2\/types\/post"}],"author":[{"embeddable":true,"href":"https:\/\/www.cordobatimes.com\/showup\/wp-json\/wp\/v2\/users\/9"}],"replies":[{"embeddable":true,"href":"https:\/\/www.cordobatimes.com\/showup\/wp-json\/wp\/v2\/comments?post=9987"}],"version-history":[{"count":0,"href":"https:\/\/www.cordobatimes.com\/showup\/wp-json\/wp\/v2\/posts\/9987\/revisions"}],"wp:featuredmedia":[{"embeddable":true,"href":"https:\/\/www.cordobatimes.com\/showup\/wp-json\/wp\/v2\/media\/10046"}],"wp:attachment":[{"href":"https:\/\/www.cordobatimes.com\/showup\/wp-json\/wp\/v2\/media?parent=9987"}],"wp:term":[{"taxonomy":"category","embeddable":true,"href":"https:\/\/www.cordobatimes.com\/showup\/wp-json\/wp\/v2\/categories?post=9987"},{"taxonomy":"post_tag","embeddable":true,"href":"https:\/\/www.cordobatimes.com\/showup\/wp-json\/wp\/v2\/tags?post=9987"}],"curies":[{"name":"wp","href":"https:\/\/api.w.org\/{rel}","templated":true}]}}