{"id":99865,"date":"2023-08-16T10:44:21","date_gmt":"2023-08-16T13:44:21","guid":{"rendered":"https:\/\/www.cordobatimes.com\/showup\/?p=99865"},"modified":"2023-08-16T10:44:21","modified_gmt":"2023-08-16T13:44:21","slug":"los-duros-posteos-de-nancy-duplaa-contra-milei-despues-de-su-triunfo-en-las-paso","status":"publish","type":"post","link":"https:\/\/www.cordobatimes.com\/showup\/famosos\/2023\/08\/16\/los-duros-posteos-de-nancy-duplaa-contra-milei-despues-de-su-triunfo-en-las-paso\/","title":{"rendered":"Los duros posteos de Nancy Dupl\u00e1a contra  Milei despu\u00e9s de su triunfo en las PASO"},"content":{"rendered":"<h3><strong>La actriz se tom\u00f3 unos minutos para reflexionar sobre la jornada del \u00faltimo domingo y comparti\u00f3 mensajes en sus redes.<\/strong><\/h3>\n<p>La jornada del \u00faltimo domingo, en el marco de las elecciones primarias, dej\u00f3 las m\u00e1s variadas an\u00e9cdotas y reflexiones por parte de diferentes sectores del espect\u00e1culo. Nadie quiso callar lo que pensaba, se generaron los m\u00e1s diversos intercambios de opiniones y desde cantantes hasta actores, varias fueron las figuras que se expresaron p\u00fablicamente.<\/p>\n<p>Por caso, una de las que as\u00ed lo hizo fue\u00a0Nancy Dupl\u00e1a, quien a trav\u00e9s de su cuenta de Instagram\u00a0comparti\u00f3 un par de posteos que se mostraban contrarios a la figura de Javier Milei, el ganador de la jornada.<\/p>\n<p>\u201cLo bueno si ten\u00e9s un hijo que vota a Milei es que vas a poder venderlo\u201d, reza el primer posteo compartido en sus historias de Instagram, que pertenece a la cuenta de la red social conocida como Twitter por parte del usuario @etupito. Otro de los mensajes compartidos, que incluye una bandera de la comunidad LGBT, reza: \u201cOjal\u00e1 nunca sepas el miedo que da que tus derechos fundamentales se negocien cada vez que hay elecciones\u201d, para luego rematar: \u201cY que no sientas el dolor que se experimenta cuando tus amigos y seres queridos votan en contra de tu derecho\u201d.<\/p>\n<p><img alt=\"\" loading=\"lazy\" decoding=\"async\" class=\"alignnone size-medium wp-image-99866\" src=\"https:\/\/www.cordobatimes.com\/showup\/wp-content\/uploads\/2023\/08\/Pantallazo-16-08-2023-10.35.22-624x420.jpg\" alt=\"\" width=\"624\" height=\"420\" srcset=\"https:\/\/www.cordobatimes.com\/showup\/wp-content\/uploads\/2023\/08\/Pantallazo-16-08-2023-10.35.22-624x420.jpg 624w, https:\/\/www.cordobatimes.com\/showup\/wp-content\/uploads\/2023\/08\/Pantallazo-16-08-2023-10.35.22-1024x690.jpg 1024w, https:\/\/www.cordobatimes.com\/showup\/wp-content\/uploads\/2023\/08\/Pantallazo-16-08-2023-10.35.22-768x517.jpg 768w, https:\/\/www.cordobatimes.com\/showup\/wp-content\/uploads\/2023\/08\/Pantallazo-16-08-2023-10.35.22-696x469.jpg 696w, https:\/\/www.cordobatimes.com\/showup\/wp-content\/uploads\/2023\/08\/Pantallazo-16-08-2023-10.35.22.jpg 1041w\" sizes=\"auto, (max-width: 624px) 100vw, 624px\" \/><\/p>\n","protected":false},"excerpt":{"rendered":"<p>La actriz se tom\u00f3 unos minutos para reflexionar sobre la jornada del \u00faltimo domingo y comparti\u00f3 mensajes en sus redes. La jornada del \u00faltimo domingo, en el marco de las elecciones primarias, dej\u00f3 las m\u00e1s variadas an\u00e9cdotas y reflexiones por parte de diferentes sectores del espect\u00e1culo. Nadie quiso callar lo que pensaba, se generaron los [&hellip;]<\/p>\n","protected":false},"author":1,"featured_media":99869,"comment_status":"closed","ping_status":"closed","sticky":false,"template":"","format":"standard","meta":{"_seopress_robots_primary_cat":"","_seopress_titles_title":"","_seopress_titles_desc":"","_seopress_robots_index":"","footnotes":""},"categories":[4],"tags":[37960,37959,37958],"class_list":{"0":"post-99865","1":"post","2":"type-post","3":"status-publish","4":"format-standard","5":"has-post-thumbnail","7":"category-famosos","8":"tag-nancy-duplaa-contra-javier-milei","9":"tag-nancy-duplaa-contra-milei","10":"tag-posteos-de-nancy-duplaa-contra-milei"},"_links":{"self":[{"href":"https:\/\/www.cordobatimes.com\/showup\/wp-json\/wp\/v2\/posts\/99865","targetHints":{"allow":["GET"]}}],"collection":[{"href":"https:\/\/www.cordobatimes.com\/showup\/wp-json\/wp\/v2\/posts"}],"about":[{"href":"https:\/\/www.cordobatimes.com\/showup\/wp-json\/wp\/v2\/types\/post"}],"author":[{"embeddable":true,"href":"https:\/\/www.cordobatimes.com\/showup\/wp-json\/wp\/v2\/users\/1"}],"replies":[{"embeddable":true,"href":"https:\/\/www.cordobatimes.com\/showup\/wp-json\/wp\/v2\/comments?post=99865"}],"version-history":[{"count":0,"href":"https:\/\/www.cordobatimes.com\/showup\/wp-json\/wp\/v2\/posts\/99865\/revisions"}],"wp:featuredmedia":[{"embeddable":true,"href":"https:\/\/www.cordobatimes.com\/showup\/wp-json\/wp\/v2\/media\/99869"}],"wp:attachment":[{"href":"https:\/\/www.cordobatimes.com\/showup\/wp-json\/wp\/v2\/media?parent=99865"}],"wp:term":[{"taxonomy":"category","embeddable":true,"href":"https:\/\/www.cordobatimes.com\/showup\/wp-json\/wp\/v2\/categories?post=99865"},{"taxonomy":"post_tag","embeddable":true,"href":"https:\/\/www.cordobatimes.com\/showup\/wp-json\/wp\/v2\/tags?post=99865"}],"curies":[{"name":"wp","href":"https:\/\/api.w.org\/{rel}","templated":true}]}}