{"id":99858,"date":"2023-08-15T12:39:31","date_gmt":"2023-08-15T15:39:31","guid":{"rendered":"https:\/\/www.cordobatimes.com\/showup\/?p=99858"},"modified":"2023-08-15T12:39:31","modified_gmt":"2023-08-15T15:39:31","slug":"la-actriz-con-la-que-no-quiere-trabajar-pampita","status":"publish","type":"post","link":"https:\/\/www.cordobatimes.com\/showup\/tv\/2023\/08\/15\/la-actriz-con-la-que-no-quiere-trabajar-pampita\/","title":{"rendered":"La actriz con la que no quiere trabajar Pampita"},"content":{"rendered":"<h3><strong>Pampita\u00a0cont\u00f3 que tiene ganas de hacer una ficci\u00f3n y el conductor le pregunt\u00f3 si hay alguna actriz, adem\u00e1s de la\u00a0China Su\u00e1rez,\u00a0con la que no trabajar\u00eda.\u00a0<\/strong><\/h3>\n<p>\u00abS\u00ed, una\u00bb, indic\u00f3 la conductora. Y continu\u00f3:\u00a0<strong>\u00abPorque me parece que no tuvo empat\u00eda de mujer a mujer\u00bb.\u00a0<\/strong><\/p>\n<p><strong>\u00ab\u00bfTe decepcion\u00f3 como mujer en ese momento?\u00bb<\/strong>, le pregunt\u00f3\u00a0<strong>\u00c1ngel de Brito. Y Pampita<\/strong>\u00a0se\u00f1al\u00f3 que s\u00ed, adem\u00e1s de aclarar que se lo esperaba.<\/p>\n<p>Seguido a esto, la esposa de\u00a0Roberto Garc\u00eda Morit\u00e1n dijo que a\u00fan no se lo dijo cara a cara porque no la vio de cerca.\u00a0<strong>\u00abYa la vida nos va a encontrar\u00bb,\u00a0<\/strong>asegur\u00f3.<\/p>\n<p>Por \u00faltimo,\u00a0Pampita\u00a0y\u00a0<strong>\u00c1ngel de Brito\u00a0<\/strong>aclararon que tampoco se trataba de\u00a0<strong>Isabel Macedo,<\/strong>\u00a0con quien la modelo tuvo una fuerte pelea hace a\u00f1os por acusarla de haber sido amante de quien era su marido,<strong>\u00a0Benjam\u00edn Vicu\u00f1a.<\/strong>\u00a0De paso, el conductor le pregunt\u00f3 c\u00f3mo est\u00e1n las cosas con ella y la invitada cont\u00f3 que ya est\u00e1 todo bien.<\/p>\n<div style=\"width: 696px;\" class=\"wp-video\"><video class=\"wp-video-shortcode\" id=\"video-99858-1\" width=\"696\" height=\"387\" preload=\"metadata\" controls=\"controls\"><source type=\"video\/mp4\" src=\"https:\/\/www.cordobatimes.com\/showup\/wp-content\/uploads\/2023\/08\/Video-by-elejercitodelam.mp4?_=1\" \/><a href=\"https:\/\/www.cordobatimes.com\/showup\/wp-content\/uploads\/2023\/08\/Video-by-elejercitodelam.mp4\">https:\/\/www.cordobatimes.com\/showup\/wp-content\/uploads\/2023\/08\/Video-by-elejercitodelam.mp4<\/a><\/video><\/div>\n","protected":false},"excerpt":{"rendered":"<p>Pampita\u00a0cont\u00f3 que tiene ganas de hacer una ficci\u00f3n y el conductor le pregunt\u00f3 si hay alguna actriz, adem\u00e1s de la\u00a0China Su\u00e1rez,\u00a0con la que no trabajar\u00eda.\u00a0 \u00abS\u00ed, una\u00bb, indic\u00f3 la conductora. Y continu\u00f3:\u00a0\u00abPorque me parece que no tuvo empat\u00eda de mujer a mujer\u00bb.\u00a0 \u00ab\u00bfTe decepcion\u00f3 como mujer en ese momento?\u00bb, le pregunt\u00f3\u00a0\u00c1ngel de Brito. Y Pampita\u00a0se\u00f1al\u00f3 [&hellip;]<\/p>\n","protected":false},"author":1,"featured_media":99859,"comment_status":"closed","ping_status":"closed","sticky":false,"template":"","format":"standard","meta":{"_seopress_robots_primary_cat":"","_seopress_titles_title":"","_seopress_titles_desc":"","_seopress_robots_index":"","footnotes":""},"categories":[2],"tags":[37957,33372],"class_list":{"0":"post-99858","1":"post","2":"type-post","3":"status-publish","4":"format-standard","5":"has-post-thumbnail","7":"category-tv","8":"tag-natalia-oreiro-pampita","9":"tag-pampita-en-lam"},"_links":{"self":[{"href":"https:\/\/www.cordobatimes.com\/showup\/wp-json\/wp\/v2\/posts\/99858","targetHints":{"allow":["GET"]}}],"collection":[{"href":"https:\/\/www.cordobatimes.com\/showup\/wp-json\/wp\/v2\/posts"}],"about":[{"href":"https:\/\/www.cordobatimes.com\/showup\/wp-json\/wp\/v2\/types\/post"}],"author":[{"embeddable":true,"href":"https:\/\/www.cordobatimes.com\/showup\/wp-json\/wp\/v2\/users\/1"}],"replies":[{"embeddable":true,"href":"https:\/\/www.cordobatimes.com\/showup\/wp-json\/wp\/v2\/comments?post=99858"}],"version-history":[{"count":0,"href":"https:\/\/www.cordobatimes.com\/showup\/wp-json\/wp\/v2\/posts\/99858\/revisions"}],"wp:featuredmedia":[{"embeddable":true,"href":"https:\/\/www.cordobatimes.com\/showup\/wp-json\/wp\/v2\/media\/99859"}],"wp:attachment":[{"href":"https:\/\/www.cordobatimes.com\/showup\/wp-json\/wp\/v2\/media?parent=99858"}],"wp:term":[{"taxonomy":"category","embeddable":true,"href":"https:\/\/www.cordobatimes.com\/showup\/wp-json\/wp\/v2\/categories?post=99858"},{"taxonomy":"post_tag","embeddable":true,"href":"https:\/\/www.cordobatimes.com\/showup\/wp-json\/wp\/v2\/tags?post=99858"}],"curies":[{"name":"wp","href":"https:\/\/api.w.org\/{rel}","templated":true}]}}