{"id":99853,"date":"2023-08-15T10:57:31","date_gmt":"2023-08-15T13:57:31","guid":{"rendered":"https:\/\/www.cordobatimes.com\/showup\/?p=99853"},"modified":"2023-08-15T10:57:31","modified_gmt":"2023-08-15T13:57:31","slug":"pampita-expreso-su-preocupacion-por-las-posibles-medidas-de-javier-milei","status":"publish","type":"post","link":"https:\/\/www.cordobatimes.com\/showup\/tv\/2023\/08\/15\/pampita-expreso-su-preocupacion-por-las-posibles-medidas-de-javier-milei\/","title":{"rendered":"Pampita expreso su preocupaci\u00f3n  por las posibles medidas de Javier Milei"},"content":{"rendered":"<h3><strong>Invitada a LAM, la modelo le plante\u00f3 su inquietud a Jorge Lanata, quien analiz\u00f3 los resultados de las PASO 2023.<\/strong><\/h3>\n<p>Este lunes en\u00a0LAM\u00a0(Am\u00e9rica), se dio un cruce entre\u00a0Carolina\u00a0Pampita\u00a0Ardohain\u00a0y\u00a0Jorge Lanata, ambos invitados al programa que conduce\u00a0\u00c1ngel de Brito\u00a0por distintas circunstancias. El periodista fue convocado para analizar los resultados de las Elecciones Primarias, Abiertas, Simult\u00e1neas y Obligatorias (PASO) presidenciales que se celebraron el pasado domingo. Y tras hablar de las razones del triunfo de\u00a0Javier Milei, la conductora y modelo le traslad\u00f3 una inquietud personal ante la posibilidad de que el l\u00edder de\u00a0La Libertad Avanza\u00a0se convierta en el pr\u00f3ximo presidente de la Argentina.<\/p>\n<p>\u201cHay algunas cosas que dice Milei que m\u00e1s me preocupan, obviamente. Y una de las que m\u00e1s me preocupan es algo que lo hablaba hoy con uno de mis hijos en casa,\u00a0que es la posibilidad de comprar armas al tener una mayor\u00eda de edad. \u00bfC\u00f3mo ser\u00eda eso en el pa\u00eds? Porque en los ejemplos que tengo de afuera, de otros pa\u00edses, no hay un testeo previo de la salud mental de la persona que compra las armas. Como sabemos, hay tiroteos en escuelas, en cines, en teatros&#8230;\u00a0No s\u00e9 si es ese el pa\u00eds que yo quiero para mi familia a futuro. Es una de las cosas que m\u00e1s me preocupan de Milei\u201d, arroj\u00f3 Pampita.<\/p>\n<p>\u201cMilei tambi\u00e9n habl\u00f3 de la venta de \u00f3rganos\u201d, le apunt\u00f3 Lanata, quien particip\u00f3 del programa desde un m\u00f3vil apostado en su casa. \u201cVenta de \u00f3rganos, privatizaci\u00f3n de los colegios p\u00fablicos, salud p\u00fablica tambi\u00e9n privatizada&#8230;\u201d, agreg\u00f3 Pampita acerca de las promesas realizadas por el candidato liberal. \u201cEn la pol\u00edtica vos capaz lo habr\u00e1s escuchado en las conversaciones con tu marido\u201d, le empez\u00f3 a responder Lanata referenciando a Roberto Garc\u00eda Morit\u00e1n. \u201cEn la pol\u00edtica est\u00e1 el Teorema de Baglini. \u00bfQu\u00e9 dice? Que a medida que vos te acerc\u00e1s al poder, te vas moderando m\u00e1s. Milei dice todo esto en campa\u00f1a. Hay que ver si Milei va a hacer todo esto en caso de que gane\u201d, complet\u00f3 su respuesta.<\/p>\n<p>\u201c\u00bfY c\u00f3mo talla el desencanto del votante de Milei cuando vea que no?\u201d, le plante\u00f3\u00a0Marcela Feudale, integrante del panel, al periodista. \u201cA mi me hace acordar a\u00a0Carlos Menem. Menem hizo campa\u00f1a prometiendo un salariazo&#8230;\u201d, argument\u00f3 el fundador del diario P\u00e1gina 12. \u201c\u00bfTu teor\u00eda es que no va a cumplir lo que promete?\u201d, le pregunt\u00f3 Pampita a ra\u00edz de esto. \u201cMi teor\u00eda es que probablemente no cumpla todo lo que promete&#8230;\u201d, le dijo el conductor de\u00a0PPT\u00a0(El Trece). \u201cIgualmente si cumple alguna de esas cosas, tambi\u00e9n es peligroso\u201d, razon\u00f3 la modelo. \u201cS\u00ed, ser\u00eda un desastre. Igual, hay que ver tambi\u00e9n, a\u00fan en esa hip\u00f3tesis, c\u00f3mo reacciona la gente. Porque tambi\u00e9n la gente puede reaccionar en contra de lo que quiera hacer\u201d, acot\u00f3 Lanata.<\/p>\n<p>A continuaci\u00f3n, De Brito le pregunt\u00f3 c\u00f3mo es que un pol\u00edtico puede no cumplir lo que promete en campa\u00f1a y salir indemne. \u201cEl voto siempre es m\u00e1s emocional que racional. Nadie mira las plataformas y despu\u00e9s de vota, nadie hace eso. La gente vota porque el tipo te cae bien o lo que sea. A todos los chicos de 18 a\u00f1os, la edad de mi hija menor, a los que les pregunt\u00e9 por qu\u00e9 votaban a Milei,\u00a0lo que te dicen es: \u2018Porque es distinto, no parece un pol\u00edtico\u2019\u201d, cerr\u00f3 Lanata con su argumento.<\/p>\n<div style=\"width: 320px;\" class=\"wp-video\"><video class=\"wp-video-shortcode\" id=\"video-99853-1\" width=\"320\" height=\"180\" preload=\"metadata\" controls=\"controls\"><source type=\"video\/mp4\" src=\"https:\/\/www.cordobatimes.com\/showup\/wp-content\/uploads\/2023\/08\/410XEEOr-34105375.mp4?_=1\" \/><a href=\"https:\/\/www.cordobatimes.com\/showup\/wp-content\/uploads\/2023\/08\/410XEEOr-34105375.mp4\">https:\/\/www.cordobatimes.com\/showup\/wp-content\/uploads\/2023\/08\/410XEEOr-34105375.mp4<\/a><\/video><\/div>\n","protected":false},"excerpt":{"rendered":"<p>Invitada a LAM, la modelo le plante\u00f3 su inquietud a Jorge Lanata, quien analiz\u00f3 los resultados de las PASO 2023. Este lunes en\u00a0LAM\u00a0(Am\u00e9rica), se dio un cruce entre\u00a0Carolina\u00a0Pampita\u00a0Ardohain\u00a0y\u00a0Jorge Lanata, ambos invitados al programa que conduce\u00a0\u00c1ngel de Brito\u00a0por distintas circunstancias. El periodista fue convocado para analizar los resultados de las Elecciones Primarias, Abiertas, Simult\u00e1neas y Obligatorias [&hellip;]<\/p>\n","protected":false},"author":1,"featured_media":99854,"comment_status":"closed","ping_status":"closed","sticky":false,"template":"","format":"standard","meta":{"_seopress_robots_primary_cat":"","_seopress_titles_title":"","_seopress_titles_desc":"","_seopress_robots_index":"","footnotes":""},"categories":[2],"tags":[37955,37956,37954],"class_list":{"0":"post-99853","1":"post","2":"type-post","3":"status-publish","4":"format-standard","5":"has-post-thumbnail","7":"category-tv","8":"tag-medidas-de-javier-milei","9":"tag-pampita-javier-milei","10":"tag-posibles-medidas-de-javier-milei"},"_links":{"self":[{"href":"https:\/\/www.cordobatimes.com\/showup\/wp-json\/wp\/v2\/posts\/99853","targetHints":{"allow":["GET"]}}],"collection":[{"href":"https:\/\/www.cordobatimes.com\/showup\/wp-json\/wp\/v2\/posts"}],"about":[{"href":"https:\/\/www.cordobatimes.com\/showup\/wp-json\/wp\/v2\/types\/post"}],"author":[{"embeddable":true,"href":"https:\/\/www.cordobatimes.com\/showup\/wp-json\/wp\/v2\/users\/1"}],"replies":[{"embeddable":true,"href":"https:\/\/www.cordobatimes.com\/showup\/wp-json\/wp\/v2\/comments?post=99853"}],"version-history":[{"count":0,"href":"https:\/\/www.cordobatimes.com\/showup\/wp-json\/wp\/v2\/posts\/99853\/revisions"}],"wp:featuredmedia":[{"embeddable":true,"href":"https:\/\/www.cordobatimes.com\/showup\/wp-json\/wp\/v2\/media\/99854"}],"wp:attachment":[{"href":"https:\/\/www.cordobatimes.com\/showup\/wp-json\/wp\/v2\/media?parent=99853"}],"wp:term":[{"taxonomy":"category","embeddable":true,"href":"https:\/\/www.cordobatimes.com\/showup\/wp-json\/wp\/v2\/categories?post=99853"},{"taxonomy":"post_tag","embeddable":true,"href":"https:\/\/www.cordobatimes.com\/showup\/wp-json\/wp\/v2\/tags?post=99853"}],"curies":[{"name":"wp","href":"https:\/\/api.w.org\/{rel}","templated":true}]}}