{"id":99849,"date":"2023-08-14T20:01:43","date_gmt":"2023-08-14T23:01:43","guid":{"rendered":"https:\/\/www.cordobatimes.com\/showup\/?p=99849"},"modified":"2023-08-14T20:01:43","modified_gmt":"2023-08-14T23:01:43","slug":"marina-charpentier-hablo-de-la-salud-de-chano","status":"publish","type":"post","link":"https:\/\/www.cordobatimes.com\/showup\/tv\/2023\/08\/14\/marina-charpentier-hablo-de-la-salud-de-chano\/","title":{"rendered":"Marina Charpentier habl\u00f3 de la salud de Chano"},"content":{"rendered":"<h3><strong>La mam\u00e1 del l\u00edder de Tan Bi\u00f3nica, que colabora con las familias de las personas que luchan contra las adicciones, asegura que hay que tomar medidas urgentes<\/strong><\/h3>\n<p>Desde hace a\u00f1os,\u00a0Marina Charpentier\u00a0acompa\u00f1a a su hijo\u00a0Chano\u00a0en la lucha contra las adicciones. Antes de transitar este camino, ella se hab\u00eda desempe\u00f1ado como asistente social y se especializ\u00f3 en ayudar a personas adictas. Luego de vivir situaciones angustiantes con el m\u00fasico, decidi\u00f3 trabajar con\u00a0@La Madre_Marcha, una entidad que ayuda a familias de personas en consumo, para modificar\u00a0la actual ley Salud Mental.\u00a0Tienen como objetivo que se declare la emergencia en adicciones y salud mental<\/p>\n<p>\u201cLa pandemia abri\u00f3 la puerta de un problema grav\u00edsimo que ya estaba en la Argentina y tambi\u00e9n ocurre a nivel mundial. El que abri\u00f3 la puerta fue\u00a0Gast\u00f3n Pauls\u00a0cuando cont\u00f3 sin verg\u00fcenza que hab\u00eda consumido durante 20 a\u00f1os. Est\u00e1 muy estigmatizado el consumo y la Organizaci\u00f3n Mundial de la Salud dice que la adicci\u00f3n es una enfermedad. Me empezaron a escribir cientos de madres para decirme que nadie hablaba por ellas, nadie dice lo que sufren\u201d, asegur\u00f3 Marina en una entrevista con\u00a0Mariana Fabianni\u00a0en\u00a0DDM\u00a0(Am\u00e9rica).<\/p>\n<p>Para ayudar a los adictos, Charpentier explic\u00f3 que es importante que los j\u00f3venes reciban educaci\u00f3n en salud mental. \u201cEn las escuelas no se habla de drogas porque se piensa que si habl\u00e1s est\u00e1s haciendo apolog\u00eda y ellos saben mucho m\u00e1s que nosotros. Preguntale a un pibe de primero o segundo a\u00f1o y sabe mucho, no lo pod\u00e9s subestimar\u201d, aclar\u00f3 la madre del l\u00edder de\u00a0Tan Bi\u00f3nica.<\/p>\n<p>Adem\u00e1s, se\u00f1al\u00f3 que esta enfermedad suele ser multicausal, ya que un adolescente \u201cconsume como forma de suicidio\u201d y los motivos pueden ser varios, quiz\u00e1s \u201cporque no tiene otra cosa que hacer, nunca vio a sus padres trabajar, o est\u00e1n presos, porque no tiene madre o no va al colegio\u201d.<\/p>\n<p>Cuando la conductora le pregunt\u00f3 c\u00f3mo se ayuda a un adicto, Marina respondi\u00f3: \u201cPrimero tendr\u00edas que tener lugares ambulatorios y de internaci\u00f3n. La gravedad de la cantidad de personas que consumen es impresionante.\u00a0La ley dice que se necesita la voluntad del paciente (para la internaci\u00f3n).\u00a0Ni siquiera habla de enfermos, dice padecientes cuando ellos son enfermos.\u00a0Si no lo logr\u00e1s, ten\u00e9s que judicializarlo o conseguir dos certificados (m\u00e9dicos) que digan que esa persona tiene riesgo cierto e inminente\u201d.<\/p>\n<p>Luego, explic\u00f3 que faltan herramientas para ayudar a los adictos, por ejemplo asegur\u00f3 que en Capital Federal hay una sola ambulancia psiqui\u00e1trica, incluso hay provincias que no tienen donde internar a los adictos o municipios enteros que ni siquiera tienen psiquiatra. \u201cUna madre que est\u00e1 en una provincia, no recibe ayuda. Al mes te llaman y te dicen: \u2018Mi hijo ya no est\u00e1, no pude hacer nada\u2019&#8230;\u201d, manifest\u00f3 Charpentier.<\/p>\n<p>Frente a esta situaci\u00f3n compleja, ella y un grupo de madres y profesionales tratan de brindar ayuda y contenci\u00f3n a familias de adictos. \u201cEl Gobierno de la Ciudad nos prest\u00f3 el Museo Larreta, nos reunimos los jueves de 15 a 17, somos un grupo de personas orientando, desde m\u00e9dicos, psiquiatras, abogados. Todo es gratuito\u201d, explic\u00f3 Marina.<\/p>\n<p>Adem\u00e1s, se refiri\u00f3 al estado de salud de Chano:\u00a0\u201c\u00c9l est\u00e1 bien, en tratamiento, trabajando y haciendo lo que quiere, hacer m\u00fasica y dar sus shows.\u00a0Se vendieron cinco estadios en horas, eso es una prueba de que la gente lo ama, a mis dos hijos, a la banda\u201d. Adem\u00e1s, agreg\u00f3: \u201cEs un amor de persona mi hijo, \u00e9l me dice: \u2018No puedo ir a ning\u00fan lado, como un boliche porque hay alcohol. No puede ir a un restaurante, no puede ver a sus amigos porque todos fuman marihuana.\u00a0Un adicto que est\u00e1 haciendo el tratamiento tiene que estar aislado porque donde vaya, hay consumo\u201d.<\/p>\n<p>Por \u00faltimo, habl\u00f3 de una nueva convocatoria que realizar\u00e1n con @LaMadre_Marcha este martes a las 14 en la plaza Lavalle frente a los Tribunales, donde entregar\u00e1n un petitorio a las autoridades del pa\u00eds para que habiliten m\u00e1s herramientas que ayuden a las familias de los adictos. \u201cLos jueces convocaron a los psiquiatras para que hablen de la ley de Salud Mental, por que hay que modificar, es inaplicable. Las madres vamos a estar apoyando en la plaza. Los m\u00e9dicos, los jueces y las madres pedimos ayuda\u201d, cerr\u00f3.<\/p>\n<div style=\"width: 320px;\" class=\"wp-video\"><video class=\"wp-video-shortcode\" id=\"video-99849-1\" width=\"320\" height=\"180\" preload=\"metadata\" controls=\"controls\"><source type=\"video\/mp4\" src=\"https:\/\/www.cordobatimes.com\/showup\/wp-content\/uploads\/2023\/08\/Lua8Vw2K-34105375.mp4?_=1\" \/><a href=\"https:\/\/www.cordobatimes.com\/showup\/wp-content\/uploads\/2023\/08\/Lua8Vw2K-34105375.mp4\">https:\/\/www.cordobatimes.com\/showup\/wp-content\/uploads\/2023\/08\/Lua8Vw2K-34105375.mp4<\/a><\/video><\/div>\n","protected":false},"excerpt":{"rendered":"<p>La mam\u00e1 del l\u00edder de Tan Bi\u00f3nica, que colabora con las familias de las personas que luchan contra las adicciones, asegura que hay que tomar medidas urgentes Desde hace a\u00f1os,\u00a0Marina Charpentier\u00a0acompa\u00f1a a su hijo\u00a0Chano\u00a0en la lucha contra las adicciones. Antes de transitar este camino, ella se hab\u00eda desempe\u00f1ado como asistente social y se especializ\u00f3 en [&hellip;]<\/p>\n","protected":false},"author":1,"featured_media":99850,"comment_status":"closed","ping_status":"closed","sticky":false,"template":"","format":"standard","meta":{"_seopress_robots_primary_cat":"","_seopress_titles_title":"","_seopress_titles_desc":"","_seopress_robots_index":"","footnotes":""},"categories":[2],"tags":[37953,36343],"class_list":{"0":"post-99849","1":"post","2":"type-post","3":"status-publish","4":"format-standard","5":"has-post-thumbnail","7":"category-tv","8":"tag-marina-charpentier-chano","9":"tag-salud-de-chano"},"_links":{"self":[{"href":"https:\/\/www.cordobatimes.com\/showup\/wp-json\/wp\/v2\/posts\/99849","targetHints":{"allow":["GET"]}}],"collection":[{"href":"https:\/\/www.cordobatimes.com\/showup\/wp-json\/wp\/v2\/posts"}],"about":[{"href":"https:\/\/www.cordobatimes.com\/showup\/wp-json\/wp\/v2\/types\/post"}],"author":[{"embeddable":true,"href":"https:\/\/www.cordobatimes.com\/showup\/wp-json\/wp\/v2\/users\/1"}],"replies":[{"embeddable":true,"href":"https:\/\/www.cordobatimes.com\/showup\/wp-json\/wp\/v2\/comments?post=99849"}],"version-history":[{"count":0,"href":"https:\/\/www.cordobatimes.com\/showup\/wp-json\/wp\/v2\/posts\/99849\/revisions"}],"wp:featuredmedia":[{"embeddable":true,"href":"https:\/\/www.cordobatimes.com\/showup\/wp-json\/wp\/v2\/media\/99850"}],"wp:attachment":[{"href":"https:\/\/www.cordobatimes.com\/showup\/wp-json\/wp\/v2\/media?parent=99849"}],"wp:term":[{"taxonomy":"category","embeddable":true,"href":"https:\/\/www.cordobatimes.com\/showup\/wp-json\/wp\/v2\/categories?post=99849"},{"taxonomy":"post_tag","embeddable":true,"href":"https:\/\/www.cordobatimes.com\/showup\/wp-json\/wp\/v2\/tags?post=99849"}],"curies":[{"name":"wp","href":"https:\/\/api.w.org\/{rel}","templated":true}]}}