{"id":99814,"date":"2023-08-14T09:46:15","date_gmt":"2023-08-14T12:46:15","guid":{"rendered":"https:\/\/www.cordobatimes.com\/showup\/?p=99814"},"modified":"2023-08-14T09:46:15","modified_gmt":"2023-08-14T12:46:15","slug":"jorge-rial-volvio-a-c5n-para-hacer-la-conduccion-de-argentina-vota","status":"publish","type":"post","link":"https:\/\/www.cordobatimes.com\/showup\/tv\/2023\/08\/14\/jorge-rial-volvio-a-c5n-para-hacer-la-conduccion-de-argentina-vota\/","title":{"rendered":"Jorge Rial volvi\u00f3 a C5N para hacer la conducci\u00f3n de Argentina vota"},"content":{"rendered":"<h3><strong>El conductor de Argenzuela se puso al frente de la cobertura de las PASO 2023.<\/strong><\/h3>\n<p>Tal como lo hab\u00eda anunciado en los \u00faltimos d\u00edas, este domingo\u00a0Jorge Rial\u00a0volvi\u00f3 a ponerse el traje de conductor en\u00a0C5N.\u00a0A tres meses y medio de haber sufrido un infarto en Colombia, por el que seg\u00fan su propio relato lleg\u00f3 a pasar \u201c10 minutos muerto\u201d mientras los m\u00e9dicos intentaban reanimarlo, el creador de\u00a0Argenzuela\u00a0se puso al frente del segmento de\u00a0Argentina vota\u00a0que se llev\u00f3 adelante entre las 13 y las 17 hs. para cubrir los comicios de las PASO 2023.<\/p>\n<p>\u201cDiez puntos, sin ning\u00fan problema\u201d, comenz\u00f3 diciendo Rial consultado sobre c\u00f3mo hab\u00eda sido su experiencia en las urnas al tomar la posta de la transmisi\u00f3n. Y arranc\u00f3 su segmento diciendo: \u201cAc\u00e1 estamos en la continuidad de C5N en este d\u00eda important\u00edsimo, como siempre, para la democracia. Yo ya vot\u00e9, como todos los que estamos ac\u00e1. Hay quilombo, no quiero adelantar, pero\u00a0vuelvo con quilombo. \u00bfQu\u00e9 quieren? \u00bfPara qu\u00e9 me llaman sin me pongo as\u00ed? Pero no soy yo, son ustedes\u201d.<\/p>\n<p>Enseguida, el conductor hizo referencia a las dificultades con el voto electr\u00f3nico que se detectaron en la Ciudad de Buenos Aires. \u201cEstamos en una jornada electoral en la que hay algunos rumores, informaci\u00f3n no confirmada, de que en Capital Federal se podr\u00eda extender el horario de votaci\u00f3n. \u00bfPor qu\u00e9? Porque se est\u00e1 complicando el voto electr\u00f3nico. De hecho,\u00a0Patricia Bullrich\u00a0tres veces lo intent\u00f3\u201d, dijo cuando su panelista,\u00a0Dami\u00e1n Rojo, lo corrigi\u00f3 dici\u00e9ndole que hab\u00edan sido siete y que reci\u00e9n hab\u00eda podido lograrlo en la octava.<\/p>\n<div style=\"width: 480px;\" class=\"wp-video\"><video class=\"wp-video-shortcode\" id=\"video-99814-1\" width=\"480\" height=\"270\" preload=\"metadata\" controls=\"controls\"><source type=\"video\/mp4\" src=\"https:\/\/www.cordobatimes.com\/showup\/wp-content\/uploads\/2023\/08\/6lt1Site-34105376.mp4?_=1\" \/><a href=\"https:\/\/www.cordobatimes.com\/showup\/wp-content\/uploads\/2023\/08\/6lt1Site-34105376.mp4\">https:\/\/www.cordobatimes.com\/showup\/wp-content\/uploads\/2023\/08\/6lt1Site-34105376.mp4<\/a><\/video><\/div>\n","protected":false},"excerpt":{"rendered":"<p>El conductor de Argenzuela se puso al frente de la cobertura de las PASO 2023. Tal como lo hab\u00eda anunciado en los \u00faltimos d\u00edas, este domingo\u00a0Jorge Rial\u00a0volvi\u00f3 a ponerse el traje de conductor en\u00a0C5N.\u00a0A tres meses y medio de haber sufrido un infarto en Colombia, por el que seg\u00fan su propio relato lleg\u00f3 a pasar [&hellip;]<\/p>\n","protected":false},"author":1,"featured_media":99815,"comment_status":"closed","ping_status":"closed","sticky":false,"template":"","format":"standard","meta":{"_seopress_robots_primary_cat":"","_seopress_titles_title":"","_seopress_titles_desc":"","_seopress_robots_index":"","footnotes":""},"categories":[2],"tags":[37941,37942,24318],"class_list":{"0":"post-99814","1":"post","2":"type-post","3":"status-publish","4":"format-standard","5":"has-post-thumbnail","7":"category-tv","8":"tag-jorge-rial-argentina-vota","9":"tag-jorge-rial-elecciones-2023","10":"tag-jorge-rial-en-c5n"},"_links":{"self":[{"href":"https:\/\/www.cordobatimes.com\/showup\/wp-json\/wp\/v2\/posts\/99814","targetHints":{"allow":["GET"]}}],"collection":[{"href":"https:\/\/www.cordobatimes.com\/showup\/wp-json\/wp\/v2\/posts"}],"about":[{"href":"https:\/\/www.cordobatimes.com\/showup\/wp-json\/wp\/v2\/types\/post"}],"author":[{"embeddable":true,"href":"https:\/\/www.cordobatimes.com\/showup\/wp-json\/wp\/v2\/users\/1"}],"replies":[{"embeddable":true,"href":"https:\/\/www.cordobatimes.com\/showup\/wp-json\/wp\/v2\/comments?post=99814"}],"version-history":[{"count":0,"href":"https:\/\/www.cordobatimes.com\/showup\/wp-json\/wp\/v2\/posts\/99814\/revisions"}],"wp:featuredmedia":[{"embeddable":true,"href":"https:\/\/www.cordobatimes.com\/showup\/wp-json\/wp\/v2\/media\/99815"}],"wp:attachment":[{"href":"https:\/\/www.cordobatimes.com\/showup\/wp-json\/wp\/v2\/media?parent=99814"}],"wp:term":[{"taxonomy":"category","embeddable":true,"href":"https:\/\/www.cordobatimes.com\/showup\/wp-json\/wp\/v2\/categories?post=99814"},{"taxonomy":"post_tag","embeddable":true,"href":"https:\/\/www.cordobatimes.com\/showup\/wp-json\/wp\/v2\/tags?post=99814"}],"curies":[{"name":"wp","href":"https:\/\/api.w.org\/{rel}","templated":true}]}}