{"id":99811,"date":"2023-08-14T09:26:41","date_gmt":"2023-08-14T12:26:41","guid":{"rendered":"https:\/\/www.cordobatimes.com\/showup\/?p=99811"},"modified":"2023-08-14T09:26:41","modified_gmt":"2023-08-14T12:26:41","slug":"guillermo-francella-vuelve-en-noviembre-con-la-segunda-temporada-de-el-encargado-en-star","status":"publish","type":"post","link":"https:\/\/www.cordobatimes.com\/showup\/cine-y-series\/2023\/08\/14\/guillermo-francella-vuelve-en-noviembre-con-la-segunda-temporada-de-el-encargado-en-star\/","title":{"rendered":"Guillermo Francella vuelve en noviembre con la segunda temporada de \u201cEl Encargado\u201d en Star+"},"content":{"rendered":"<h3><strong>La exitosa producci\u00f3n argentina regresa con m\u00e1s intrigas y desaf\u00edos.<\/strong><\/h3>\n<p>\u00a1Se termin\u00f3 la espera! Si sos de los que le gust\u00f3\u00a0<b>\u201cEl encargado\u201d,<\/b>\u00a0preparate porque en noviembre\u00a0<b>Star+<\/b>\u00a0tira la casa por la ventana y larga la segunda temporada. Y si te perdiste el \u00e9xito de la primera, todav\u00eda est\u00e1s a tiempo de engancharte. La serie, que ya se gan\u00f3 a los que gustan de las comedias negras, viene con m\u00e1s sarcasmo, m\u00e1s acidez y esa mirada filosa sobre las vueltas de la vida. El a\u00f1o pasado, la serie se catapult\u00f3 como la producci\u00f3n original m\u00e1s vista en Star+, consolid\u00e1ndose como un \u00e9xito en la plataforma de streaming de Disney.<\/p>\n<p><iframe loading=\"lazy\" width=\"560\" height=\"315\" src=\"https:\/\/www.youtube.com\/embed\/EhxRNANKCtQ\" title=\"YouTube video player\" frameborder=\"0\" allow=\"accelerometer; autoplay; clipboard-write; encrypted-media; gyroscope; picture-in-picture; web-share\" allowfullscreen><\/iframe><\/p>\n","protected":false},"excerpt":{"rendered":"<p>La exitosa producci\u00f3n argentina regresa con m\u00e1s intrigas y desaf\u00edos. \u00a1Se termin\u00f3 la espera! Si sos de los que le gust\u00f3\u00a0\u201cEl encargado\u201d,\u00a0preparate porque en noviembre\u00a0Star+\u00a0tira la casa por la ventana y larga la segunda temporada. Y si te perdiste el \u00e9xito de la primera, todav\u00eda est\u00e1s a tiempo de engancharte. La serie, que ya se [&hellip;]<\/p>\n","protected":false},"author":1,"featured_media":99812,"comment_status":"closed","ping_status":"closed","sticky":false,"template":"","format":"standard","meta":{"_seopress_robots_primary_cat":"","_seopress_titles_title":"","_seopress_titles_desc":"","_seopress_robots_index":"","footnotes":""},"categories":[3],"tags":[37940,37939],"class_list":{"0":"post-99811","1":"post","2":"type-post","3":"status-publish","4":"format-standard","5":"has-post-thumbnail","7":"category-cine-y-series","8":"tag-segunda-temporada-de-el-encargado","9":"tag-segunda-temporada-de-el-encargado-en-star"},"_links":{"self":[{"href":"https:\/\/www.cordobatimes.com\/showup\/wp-json\/wp\/v2\/posts\/99811","targetHints":{"allow":["GET"]}}],"collection":[{"href":"https:\/\/www.cordobatimes.com\/showup\/wp-json\/wp\/v2\/posts"}],"about":[{"href":"https:\/\/www.cordobatimes.com\/showup\/wp-json\/wp\/v2\/types\/post"}],"author":[{"embeddable":true,"href":"https:\/\/www.cordobatimes.com\/showup\/wp-json\/wp\/v2\/users\/1"}],"replies":[{"embeddable":true,"href":"https:\/\/www.cordobatimes.com\/showup\/wp-json\/wp\/v2\/comments?post=99811"}],"version-history":[{"count":0,"href":"https:\/\/www.cordobatimes.com\/showup\/wp-json\/wp\/v2\/posts\/99811\/revisions"}],"wp:featuredmedia":[{"embeddable":true,"href":"https:\/\/www.cordobatimes.com\/showup\/wp-json\/wp\/v2\/media\/99812"}],"wp:attachment":[{"href":"https:\/\/www.cordobatimes.com\/showup\/wp-json\/wp\/v2\/media?parent=99811"}],"wp:term":[{"taxonomy":"category","embeddable":true,"href":"https:\/\/www.cordobatimes.com\/showup\/wp-json\/wp\/v2\/categories?post=99811"},{"taxonomy":"post_tag","embeddable":true,"href":"https:\/\/www.cordobatimes.com\/showup\/wp-json\/wp\/v2\/tags?post=99811"}],"curies":[{"name":"wp","href":"https:\/\/api.w.org\/{rel}","templated":true}]}}