{"id":99787,"date":"2023-08-09T12:42:51","date_gmt":"2023-08-09T15:42:51","guid":{"rendered":"https:\/\/www.cordobatimes.com\/showup\/?p=99787"},"modified":"2023-08-09T12:42:51","modified_gmt":"2023-08-09T15:42:51","slug":"wanda-nara-hablo-conmovida-de-su-enfermedad-me-parece-que-hay-un-momento-que-es-el-limite-y-es-la-salud","status":"publish","type":"post","link":"https:\/\/www.cordobatimes.com\/showup\/tv\/2023\/08\/09\/wanda-nara-hablo-conmovida-de-su-enfermedad-me-parece-que-hay-un-momento-que-es-el-limite-y-es-la-salud\/","title":{"rendered":"Wanda Nara habl\u00f3 conmovida de su enfermedad: \u00abMe parece que hay un momento que es el l\u00edmite y es la salud\u201d"},"content":{"rendered":"<h3><strong>La conductora de Masterchef dialog\u00f3 con Cristina P\u00e9rez y Rodolfo Barili y explic\u00f3 c\u00f3mo recibi\u00f3 su diagn\u00f3stico previo a su viaje a Turqu\u00eda<\/strong><\/h3>\n<p class=\"paragraph\" data-mrf-recirculation=\"Links inline\">n d\u00eda despu\u00e9s de la gran final de\u00a0<b>Masterchef<\/b>, el ciclo en el que por primera vez se luci\u00f3 como conductora,<b>\u00a0Wanda Nara<\/b>\u00a0decidi\u00f3 dar su primera entrevista luego de su viaje a Turqu\u00eda. La empresaria se fue a Estambul junto a su marido,\u00a0<b>Mauro Icardi,<\/b>\u00a0y cuatro de sus cinco hijos,\u00a0<b>Constantino<\/b>\u00a0y<b>\u00a0Benedicto<\/b>, de su relaci\u00f3n con\u00a0<b>Maxi L\u00f3pez,<\/b>\u00a0y\u00a0<b>Francesca<\/b>\u00a0e<b>\u00a0Isabella<\/b>, de su pareja actual con el jugador del Galatasaray, justo despu\u00e9s de que se diera a conocer que estaba atravesando un problema de salud. Y, aunque luego ella misma confirm\u00f3 su enfermedad en un di\u00e1logo privado con\u00a0<b>\u00c1ngel de Brito<\/b>, este lunes habl\u00f3 en vivo con\u00a0<b>Cristina P\u00e9rez<\/b>\u00a0y<b>\u00a0Rodolfo Barili\u00a0<\/b>para\u00a0<b>Telefe Noticias.<\/b><\/p>\n<p class=\"paragraph\" data-mrf-recirculation=\"Links inline\">Despu\u00e9s de contar c\u00f3mo fue la adaptaci\u00f3n de sus chicos al pa\u00eds donde est\u00e1n instalados y de la decisi\u00f3n del mayor,\u00a0<b>Valentino<\/b>, de quedarse en la Argentina para jugar en las inferiores de River Plate, la empresaria habl\u00f3 de su salud. \u201cLa verdad que fue todo muy r\u00e1pido para m\u00ed. Termin\u00f3 la grabaci\u00f3n de Masterchef el viernes (7 de julio), el domingo (9 de julio) fue el Mart\u00edn Fierro y yo viajaba a los poquitos d\u00edas. As\u00ed que\u00a0<b>me hice un an\u00e1lisis que, como se supo porque se filtr\u00f3, no sali\u00f3 como esper\u00e1bamos<\/b>\u201d, comenz\u00f3 diciendo.<\/p>\n<div class=\"inline ad-wrapper\">\n<div class=\"dfpAd ad-inline\">\n<div id=\"infobae\/teleshow\/nota\/inline\" class=\"infobae\/teleshow\/nota\/inline arcad\" data-google-query-id=\"COu71ZXoz4ADFRunlQIdevQCrw\">\n<div id=\"google_ads_iframe_\/1058609\/infobae\/teleshow\/nota\/inline_0__container__\"><iframe id=\"google_ads_iframe_\/1058609\/infobae\/teleshow\/nota\/inline_0\" tabindex=\"0\" title=\"3rd party ad content\" role=\"region\" name=\"google_ads_iframe_\/1058609\/infobae\/teleshow\/nota\/inline_0\" width=\"1\" height=\"1\" frameborder=\"0\" marginwidth=\"0\" marginheight=\"0\" scrolling=\"no\" aria-label=\"Advertisement\" data-load-complete=\"true\" data-google-container-id=\"6\" data-mce-fragment=\"1\"><\/iframe><\/div>\n<\/div>\n<\/div>\n<\/div>\n<p class=\"paragraph\" data-mrf-recirculation=\"Links inline\">Y continu\u00f3: \u201cEra algo de rutina que yo me hago siempre antes de viajar. En el lugar que est\u00e9, yo siempre me hago un chequeo y despu\u00e9s viajo. Y<b>\u00a0fue como un shock porque en ese momento lo primero que me dijeron fue: \u2018No te pod\u00e9s subir a un avi\u00f3n\u2019<\/b>. Y no se sab\u00eda por cu\u00e1nto tiempo. La verdad que fue un shock para toda la familia, porque justo el club le hab\u00eda mandado a Mauro un avi\u00f3n para que hici\u00e9ramos la mudanza y nos podamos ir. Y fue todo muy de golpe\u201d.<\/p>\n<p class=\"paragraph\" data-mrf-recirculation=\"Links inline\">Consciente del inter\u00e9s que hay sobre su situaci\u00f3n, Wanda explic\u00f3: \u201cYo la verdad es que dudo mucho sobre si tengo que hablar o no del tema.\u00a0<b>Me encantar\u00eda poder hablarlo libremente, pero a veces la gente te juzga.<\/b>\u00a0Piensa que si lo habl\u00e1s no es real o no es tan serio. Entonces, prefiero guard\u00e1rmelo. Obviamente, mi gente y mis amigos saben lo que pasa y est\u00e1n. Y creo que cuando est\u00e9 un poquito m\u00e1s fuerte o sienta que lo pueda contar, lo voy a salir a decir. Me hubiera gustado que todo fuera de otra manera. Son las reglas del juego y las acepto\u201d.<\/p>\n<p class=\"paragraph\" data-mrf-recirculation=\"Links inline\">As\u00ed las cosas, la empresaria se encarg\u00f3 de descartar la posibilidad de llevar a la Justicia a quienes hayan difundido su diagn\u00f3stico sin su consentimiento. \u201cTrabajo en este ambiente desde muy chiquita y la letra que no nos gusta es esa. Puede pasar que haya cosas que uno no quiera que salgan. A veces hay cosas que quer\u00e9s que salgan, a veces hay cosas que los famosos publicamos a prop\u00f3sito para promocionarnos. Y, as\u00ed como me acompa\u00f1aron todo este tiempo en las buenas, porque recib\u00ed el Mart\u00edn Fierro Revelaci\u00f3n y me acompa\u00f1aron en el programa que hice, tambi\u00e9n me est\u00e1n acompa\u00f1ando muchos periodistas en lo privado. Y\u00a0<b>no tengo nada para decirle a qui\u00e9n filtr\u00f3 la informaci\u00f3n<\/b>\u201d, indic\u00f3.<\/p>\n<p class=\"paragraph\" data-mrf-recirculation=\"Links inline\">Y agreg\u00f3: \u201c<b>Obviamente me sacudi\u00f3, porque en un momento en el que yo todav\u00eda no entend\u00eda lo que ten\u00eda o no sab\u00eda qu\u00e9 era, tuve que salir a dar explicaciones<\/b>. Y, sobre todo, tuve que soportar gente que diga: \u2018Lo est\u00e1 publicando ella, lo est\u00e1 diciendo ella&#8230;\u2019. La gente que me conoce y la que me conoci\u00f3 ahora estando todas las noches al aire en un programa diario, sabe que nunca jugar\u00eda con una cosa as\u00ed. Si hay algo que soy es buena persona y no jugar\u00eda nunca con un tema de salud.\u00a0<b>Me parece que hay un momento que es el l\u00edmite y es la salud\u201d<\/b>.<\/p>\n<p class=\"paragraph\" data-mrf-recirculation=\"Links inline\">Luego, Wanda explic\u00f3 c\u00f3mo vivi\u00f3 su diagn\u00f3stico en relaci\u00f3n a sus seres queridos. \u201cA m\u00ed me pasa que\u00a0<b>siento que soy la fuerte de la familia<\/b>\u201d, explic\u00f3. Y dej\u00f3 en claro que ella es la que contiene a su hermana<b>\u00a0Zaira<\/b>, a su mam\u00e1<b>\u00a0Nora<\/b>, a su esposo y a sus cinco hijos. En ese sentido, dio como ejemplo el momento en el que tuvo que impulsar a su marido para que se animara a dejar el Paris Saint Germain oblig\u00e1ndola a ella y a sus hijos a mudarse de Francia cuando \u00e9l estaba lleno de dudas.<\/p>\n<p class=\"paragraph\" data-mrf-recirculation=\"Links inline\">\u201c<b>Yo sent\u00eda que si yo me ca\u00eda se ca\u00edan todos conmigo<\/b>, porque est\u00e1bamos muy shockeados todos. Me pasaba tambi\u00e9n con mis amigos:\u00a0<b>Kennys<\/b>\u00a0estaba en shock. Entonces yo caminaba en mi casa en pijama y en un momento dije: \u2018Me tengo que poner las pilas o voy a arrastrar conmigo a todos\u2019. Y eso fue lo que pas\u00f3. De a poco, porque la verdad es que no tuve mucho tiempo. Ten\u00eda que ocuparme de m\u00ed. Y tambi\u00e9n ten\u00eda que escuchar lo que estaban diciendo afuera porque mis hijos estaban yendo al colegio en Argentina y cuando llegaron les hac\u00edan preguntas. Entonces me tuve que sentar y hablar con ellos, cuando quiz\u00e1s hubiera esperado un poco m\u00e1s\u201d, relat\u00f3 la empresaria.<\/p>\n<p class=\"paragraph\" data-mrf-recirculation=\"Links inline\">Y con un nudo en la garganta dif\u00edcil de disimular, se\u00f1al\u00f3: \u201cSon las reglas del juego. Cada periodista se maneja como puede o como le parece. Yo no tengo nada que reprocharle a nadie. Solo que, en mi caso, cambi\u00f3 un poco la velocidad con la que lo hubiera hecho o la manera en que lo hubiera resuelto<b>. Siempre soy de hablar con mis hijos y contarles todo.<\/b>\u00a0Y creo que ellos tienen la personalidad que tienen porque siempre habl\u00e9. Cuando nos mudamos, nos sentamos todos, debatimos y vimos qu\u00e9 pensaba cada uno. Y esto<b>\u00a0fue un poco duro porque me hac\u00edan preguntas y yo no ten\u00eda las respuestas<\/b>. Pero tambi\u00e9n les ten\u00eda que decir porque era algo de lo que se estaba hablando en todos lados\u201d.<\/p>\n<p class=\"paragraph\" data-mrf-recirculation=\"Links inline\">Finalmente, Wanda se mostr\u00f3 muy agradecida por el cari\u00f1o recibido. \u201cMuchos se comunicaron por privado, el canal se port\u00f3 excelente conmigo. Y tambi\u00e9n ten\u00eda que pensar&#8230; Yo estaba muchas horas de pie, trabajando. Y dec\u00eda: \u2018\u00a1Si yo estuve 14 o 12 horas de la mejor manera!\u2019.\u00a0<b>Sent\u00eda a veces un malestar en la panza, pero yo cre\u00eda que era porque estaba comiendo a escondidas de los chefs\u00a0<\/b>cuando se llevaban las comidas. Pensaba que era por eso.\u00a0<b>Dami\u00e1n (Betular), Germ\u00e1n (Martitegui) y Donato (De Santis)<\/b>\u00a0todo el tiempo llevaban comida al canal. Pero es as\u00ed. Es la vida. Y me gustar\u00eda, m\u00e1s adelante, poder hablar y, quiz\u00e1s, ayudar a alguien que lo necesite o que tenga las dudas o los miedos por los cuales pas\u00e9 y que todav\u00eda sigo teniendo\u201d, concluy\u00f3. Y, sobre el final de la charla, confirm\u00f3 que seguir\u00e1 su tratamiento en<b>\u00a0Fundaleu<\/b>, en la Argentina.<\/p>\n<p><iframe loading=\"lazy\" width=\"560\" height=\"315\" src=\"https:\/\/www.youtube.com\/embed\/hkp07sGWUZA\" title=\"YouTube video player\" frameborder=\"0\" allow=\"accelerometer; autoplay; clipboard-write; encrypted-media; gyroscope; picture-in-picture; web-share\" allowfullscreen><\/iframe><\/p>\n","protected":false},"excerpt":{"rendered":"<p>La conductora de Masterchef dialog\u00f3 con Cristina P\u00e9rez y Rodolfo Barili y explic\u00f3 c\u00f3mo recibi\u00f3 su diagn\u00f3stico previo a su viaje a Turqu\u00eda n d\u00eda despu\u00e9s de la gran final de\u00a0Masterchef, el ciclo en el que por primera vez se luci\u00f3 como conductora,\u00a0Wanda Nara\u00a0decidi\u00f3 dar su primera entrevista luego de su viaje a Turqu\u00eda. La [&hellip;]<\/p>\n","protected":false},"author":1,"featured_media":99788,"comment_status":"closed","ping_status":"closed","sticky":false,"template":"","format":"standard","meta":{"_seopress_robots_primary_cat":"","_seopress_titles_title":"","_seopress_titles_desc":"","_seopress_robots_index":"","footnotes":""},"categories":[2],"tags":[37723,37928,37927],"class_list":{"0":"post-99787","1":"post","2":"type-post","3":"status-publish","4":"format-standard","5":"has-post-thumbnail","7":"category-tv","8":"tag-estado-de-salud-de-wanda-nara","9":"tag-wanda-nara-estado-de-salud","10":"tag-wanda-nara-telefe-noticias"},"_links":{"self":[{"href":"https:\/\/www.cordobatimes.com\/showup\/wp-json\/wp\/v2\/posts\/99787","targetHints":{"allow":["GET"]}}],"collection":[{"href":"https:\/\/www.cordobatimes.com\/showup\/wp-json\/wp\/v2\/posts"}],"about":[{"href":"https:\/\/www.cordobatimes.com\/showup\/wp-json\/wp\/v2\/types\/post"}],"author":[{"embeddable":true,"href":"https:\/\/www.cordobatimes.com\/showup\/wp-json\/wp\/v2\/users\/1"}],"replies":[{"embeddable":true,"href":"https:\/\/www.cordobatimes.com\/showup\/wp-json\/wp\/v2\/comments?post=99787"}],"version-history":[{"count":0,"href":"https:\/\/www.cordobatimes.com\/showup\/wp-json\/wp\/v2\/posts\/99787\/revisions"}],"wp:featuredmedia":[{"embeddable":true,"href":"https:\/\/www.cordobatimes.com\/showup\/wp-json\/wp\/v2\/media\/99788"}],"wp:attachment":[{"href":"https:\/\/www.cordobatimes.com\/showup\/wp-json\/wp\/v2\/media?parent=99787"}],"wp:term":[{"taxonomy":"category","embeddable":true,"href":"https:\/\/www.cordobatimes.com\/showup\/wp-json\/wp\/v2\/categories?post=99787"},{"taxonomy":"post_tag","embeddable":true,"href":"https:\/\/www.cordobatimes.com\/showup\/wp-json\/wp\/v2\/tags?post=99787"}],"curies":[{"name":"wp","href":"https:\/\/api.w.org\/{rel}","templated":true}]}}