{"id":99756,"date":"2023-08-07T18:08:40","date_gmt":"2023-08-07T21:08:40","guid":{"rendered":"https:\/\/www.cordobatimes.com\/showup\/?p=99756"},"modified":"2023-08-07T18:08:40","modified_gmt":"2023-08-07T21:08:40","slug":"santi-maratea-reconocio-su-romance-con-guillermina-valdes","status":"publish","type":"post","link":"https:\/\/www.cordobatimes.com\/showup\/famosos\/2023\/08\/07\/santi-maratea-reconocio-su-romance-con-guillermina-valdes\/","title":{"rendered":"Santi Maratea reconoci\u00f3 su romance con Guillermina Vald\u00e9s"},"content":{"rendered":"<h3><strong>El influencer finalmente confes\u00f3 que con la expareja de Marcelo Tinelli pas\u00f3 algo durante el verano.<\/strong><\/h3>\n<p>En febrero del corriente a\u00f1o,\u00a0Santi Maratea\u00a0y\u00a0Guillermina Vald\u00e9s\u00a0quedaron envueltos en rumores de romance; sin embargo, ambos lo negaron. Pasados varios meses, el popular influencer finalmente reconoci\u00f3 que sali\u00f3 con la expareja de Marcelo Tinelli.<\/p>\n<p>Santi Maratea\u00a0pas\u00f3 por \u00abCosa de Locos\u00bb, la obra teatral\u00a0de\u00a0Enzo Aguilar, y en una charla distendida\u00a0reconoci\u00f3 que con\u00a0Guillermina Vald\u00e9s pas\u00f3 algo. \u00ab\u00bfTe jode que te sigan preguntando por el romance con Guille Vald\u00e9s? Que\u00a0lo vas a seguir negando&#8230;\u00bb, quiso saber el entrevistador.<\/p>\n<p>\u00abNo, preguntame\u00bb, respondi\u00f3 Maratea. \u00ab\u00bfC\u00f3mo vos vas a meterte ah\u00ed? \u00bfC\u00f3mo fue?\u00bb, insisti\u00f3 Enzo. Y Santi se sincer\u00f3: \u00abFue sin querer. Que se yo&#8230; Generalmente no expongo nada de mi vida privada, y cuando pas\u00f3 eso&#8230; no lo s\u00e9 manejar\u00bb.<\/p>\n<div style=\"width: 576px;\" class=\"wp-video\"><video class=\"wp-video-shortcode\" id=\"video-99756-1\" width=\"576\" height=\"1024\" preload=\"metadata\" controls=\"controls\"><source type=\"video\/mp4\" src=\"https:\/\/www.cordobatimes.com\/showup\/wp-content\/uploads\/2023\/08\/elejercitodelam_3164206837499257152.mp4?_=1\" \/><a href=\"https:\/\/www.cordobatimes.com\/showup\/wp-content\/uploads\/2023\/08\/elejercitodelam_3164206837499257152.mp4\">https:\/\/www.cordobatimes.com\/showup\/wp-content\/uploads\/2023\/08\/elejercitodelam_3164206837499257152.mp4<\/a><\/video><\/div>\n<p>&nbsp;<\/p>\n<p>&nbsp;<\/p>\n","protected":false},"excerpt":{"rendered":"<p>El influencer finalmente confes\u00f3 que con la expareja de Marcelo Tinelli pas\u00f3 algo durante el verano. En febrero del corriente a\u00f1o,\u00a0Santi Maratea\u00a0y\u00a0Guillermina Vald\u00e9s\u00a0quedaron envueltos en rumores de romance; sin embargo, ambos lo negaron. Pasados varios meses, el popular influencer finalmente reconoci\u00f3 que sali\u00f3 con la expareja de Marcelo Tinelli. Santi Maratea\u00a0pas\u00f3 por \u00abCosa de Locos\u00bb, [&hellip;]<\/p>\n","protected":false},"author":1,"featured_media":99757,"comment_status":"closed","ping_status":"closed","sticky":false,"template":"","format":"standard","meta":{"_seopress_robots_primary_cat":"","_seopress_titles_title":"","_seopress_titles_desc":"","_seopress_robots_index":"","footnotes":""},"categories":[4],"tags":[37916,37915],"class_list":{"0":"post-99756","1":"post","2":"type-post","3":"status-publish","4":"format-standard","5":"has-post-thumbnail","7":"category-famosos","8":"tag-romance-de-santi-maratea-guillermina-valdes","9":"tag-santi-maratea-guillermina-valdes"},"_links":{"self":[{"href":"https:\/\/www.cordobatimes.com\/showup\/wp-json\/wp\/v2\/posts\/99756","targetHints":{"allow":["GET"]}}],"collection":[{"href":"https:\/\/www.cordobatimes.com\/showup\/wp-json\/wp\/v2\/posts"}],"about":[{"href":"https:\/\/www.cordobatimes.com\/showup\/wp-json\/wp\/v2\/types\/post"}],"author":[{"embeddable":true,"href":"https:\/\/www.cordobatimes.com\/showup\/wp-json\/wp\/v2\/users\/1"}],"replies":[{"embeddable":true,"href":"https:\/\/www.cordobatimes.com\/showup\/wp-json\/wp\/v2\/comments?post=99756"}],"version-history":[{"count":0,"href":"https:\/\/www.cordobatimes.com\/showup\/wp-json\/wp\/v2\/posts\/99756\/revisions"}],"wp:featuredmedia":[{"embeddable":true,"href":"https:\/\/www.cordobatimes.com\/showup\/wp-json\/wp\/v2\/media\/99757"}],"wp:attachment":[{"href":"https:\/\/www.cordobatimes.com\/showup\/wp-json\/wp\/v2\/media?parent=99756"}],"wp:term":[{"taxonomy":"category","embeddable":true,"href":"https:\/\/www.cordobatimes.com\/showup\/wp-json\/wp\/v2\/categories?post=99756"},{"taxonomy":"post_tag","embeddable":true,"href":"https:\/\/www.cordobatimes.com\/showup\/wp-json\/wp\/v2\/tags?post=99756"}],"curies":[{"name":"wp","href":"https:\/\/api.w.org\/{rel}","templated":true}]}}