{"id":99726,"date":"2023-08-01T11:28:36","date_gmt":"2023-08-01T14:28:36","guid":{"rendered":"https:\/\/www.cordobatimes.com\/showup\/?p=99726"},"modified":"2023-08-01T11:29:45","modified_gmt":"2023-08-01T14:29:45","slug":"carmen-barbieri-furiosa-con-alicia-barasolaes-mentirosa-y-peligrosa-salias-con-santiago-bal-sos-arana-de-balcon-petisita-y-culona","status":"publish","type":"post","link":"https:\/\/www.cordobatimes.com\/showup\/tv\/2023\/08\/01\/carmen-barbieri-furiosa-con-alicia-barasolaes-mentirosa-y-peligrosa-salias-con-santiago-bal-sos-arana-de-balcon-petisita-y-culona\/","title":{"rendered":"Carmen Barbieri furiosa con Alicia Barasola:\u00bbEs mentirosa y peligrosa, sal\u00edas con Santiago Bal, sos ara\u00f1a de balc\u00f3n, petisita y culona\u00bb"},"content":{"rendered":"<h3>\u00a0<strong>La mujer de Andr\u00e9s Nara es \u201cmentirosa y peligrosa, est\u00e1 trepando\u201d<\/strong><\/h3>\n<p>\u201cTe conozco un monton, tuviste causas, grababas en los camarines\u201d\u00a0dijo\u00a0Carmen Barbieri contra Alicia Barbasola, mujer de\u00a0Andr\u00e9s Nara,\u00a0que estuvo en \u201cLAM\u201d hablando de ella.<br \/>\n\u201cCuando estaba Carmen explotaba la obra\u201d dijo Barbasola recordando la temporada que compartieron en Mar del Plata, y afirm\u00f3 que\u00a0\u201cCarmen armaba las peleas\u201d\u00a0a lo que la conductora de \u201cMa\u00f1an\u00edsima\u201d le contest\u00f3 en este martes que\u00a0\u201ces una mentirosa\u201d.<br \/>\n\u201cAlicia Barbacoa, te dec\u00edamos Barbacoa, porque te pasabas grabando de camar\u00edn en camar\u00edn, qu\u00e9 estas contando, dec\u00ed las causas que ten\u00e9s por haber hecho un desastre en un restaurante en Mar del Plata, asesina serial dice Sandra (Dominguez) que es, entr\u00f3 y tir\u00f3 gas pimienta y\u00a0 un nene que ten\u00eda asma lo tuvieron que internar\u201c, cont\u00f3\u00a0Barbieri.<br \/>\n\u201cLa mandaba a ver a la platea a ver la funci\u00f3n porque la suspend\u00eda\u2026yo era de otro ambiente, de un regimen duro porque aprend\u00edas\u201d\u00a0sum\u00f3\u00a0Carmen\u00a0y dijo que \u201cme llam\u00f3 la madre, pero la voy a bloquear, no quiero recibir m\u00e1s mensajes de ellos porque\u00a0Andr\u00e9s Nara y Alicia Barbasola\u00a0iban a venir al programa y despu\u00e9s dicen que las hijas no lo dejan, pero van a todos lados\u201d.<br \/>\n\u201cBarbasola es mentirosa y peligrosa, sal\u00edas con Santiago (Bal), sos ara\u00f1a de balc\u00f3n, petisita y culona, est\u00e1s trepando, no me pongas nerviosa, porque las mentiras no van conmigo\u201c, dijo\u00a0Barbieri\u00a0ya enojada.<\/p>\n<p><iframe loading=\"lazy\" width=\"560\" height=\"315\" src=\"https:\/\/www.youtube.com\/embed\/NrrSC5x18WI\" title=\"YouTube video player\" frameborder=\"0\" allow=\"accelerometer; autoplay; clipboard-write; encrypted-media; gyroscope; picture-in-picture; web-share\" allowfullscreen><\/iframe><\/p>\n","protected":false},"excerpt":{"rendered":"<p>\u00a0La mujer de Andr\u00e9s Nara es \u201cmentirosa y peligrosa, est\u00e1 trepando\u201d \u201cTe conozco un monton, tuviste causas, grababas en los camarines\u201d\u00a0dijo\u00a0Carmen Barbieri contra Alicia Barbasola, mujer de\u00a0Andr\u00e9s Nara,\u00a0que estuvo en \u201cLAM\u201d hablando de ella. \u201cCuando estaba Carmen explotaba la obra\u201d dijo Barbasola recordando la temporada que compartieron en Mar del Plata, y afirm\u00f3 que\u00a0\u201cCarmen armaba [&hellip;]<\/p>\n","protected":false},"author":1,"featured_media":99727,"comment_status":"closed","ping_status":"closed","sticky":false,"template":"","format":"standard","meta":{"_seopress_robots_primary_cat":"","_seopress_titles_title":"","_seopress_titles_desc":"","_seopress_robots_index":"","footnotes":""},"categories":[2],"tags":[37893,37891,37892,37890],"class_list":{"0":"post-99726","1":"post","2":"type-post","3":"status-publish","4":"format-standard","5":"has-post-thumbnail","7":"category-tv","8":"tag-alicia-barbasola-andres-nara","9":"tag-alicia-barbasola-lam","10":"tag-alicia-barbasola-santiago-bal","11":"tag-carmen-barbieri-alicia-barbasola"},"_links":{"self":[{"href":"https:\/\/www.cordobatimes.com\/showup\/wp-json\/wp\/v2\/posts\/99726","targetHints":{"allow":["GET"]}}],"collection":[{"href":"https:\/\/www.cordobatimes.com\/showup\/wp-json\/wp\/v2\/posts"}],"about":[{"href":"https:\/\/www.cordobatimes.com\/showup\/wp-json\/wp\/v2\/types\/post"}],"author":[{"embeddable":true,"href":"https:\/\/www.cordobatimes.com\/showup\/wp-json\/wp\/v2\/users\/1"}],"replies":[{"embeddable":true,"href":"https:\/\/www.cordobatimes.com\/showup\/wp-json\/wp\/v2\/comments?post=99726"}],"version-history":[{"count":0,"href":"https:\/\/www.cordobatimes.com\/showup\/wp-json\/wp\/v2\/posts\/99726\/revisions"}],"wp:featuredmedia":[{"embeddable":true,"href":"https:\/\/www.cordobatimes.com\/showup\/wp-json\/wp\/v2\/media\/99727"}],"wp:attachment":[{"href":"https:\/\/www.cordobatimes.com\/showup\/wp-json\/wp\/v2\/media?parent=99726"}],"wp:term":[{"taxonomy":"category","embeddable":true,"href":"https:\/\/www.cordobatimes.com\/showup\/wp-json\/wp\/v2\/categories?post=99726"},{"taxonomy":"post_tag","embeddable":true,"href":"https:\/\/www.cordobatimes.com\/showup\/wp-json\/wp\/v2\/tags?post=99726"}],"curies":[{"name":"wp","href":"https:\/\/api.w.org\/{rel}","templated":true}]}}