{"id":99723,"date":"2023-08-01T11:05:48","date_gmt":"2023-08-01T14:05:48","guid":{"rendered":"https:\/\/www.cordobatimes.com\/showup\/?p=99723"},"modified":"2023-08-01T11:05:48","modified_gmt":"2023-08-01T14:05:48","slug":"china-suarez-conto-que-un-exnovio-famoso-fue-quien-le-puso-su-apodo","status":"publish","type":"post","link":"https:\/\/www.cordobatimes.com\/showup\/famosos\/2023\/08\/01\/china-suarez-conto-que-un-exnovio-famoso-fue-quien-le-puso-su-apodo\/","title":{"rendered":"China Su\u00e1rez cont\u00f3 que un exnovio famoso fue quien le puso su apodo"},"content":{"rendered":"<h3><strong>\u00abEsto nunca lo cont\u00e9\u00bb<\/strong><\/h3>\n<p>Eugenia\u00a0\u00abChina\u00bb Su\u00e1rez\u00a0hizo una inesperada revelaci\u00f3n en\u00a0Perros de la Calle, al contar por primera vez que su apodo, con el que se lanz\u00f3 de lleno en el mundo de la m\u00fasica, se lo eligi\u00f3 un\u00a0exnovio:\u00a0Nacho Viale.<\/p>\n<p>Feliz con el estreno de la canci\u00f3n que hizo con\u00a0Ecko, Pasatiempo, la actriz y cantante habl\u00f3 de su cercano v\u00ednculo con la cultura japonesa y del contradictorio apodo con el que termin\u00f3 llam\u00e1ndose.<\/p>\n<h3><strong>EUGENIA SU\u00c1REZ CONT\u00d3 C\u00d3MO FUE QUE NACHO VIALE LA APOD\u00d3 CHINA<\/strong><\/h3>\n<p>Andy Kusnetzoff: -Tu mam\u00e1 es de descendencia japonesa, \u00bfpor eso te dicen la China? Podr\u00eda se Japo\u2026<\/p>\n<p>China Su\u00e1rez:\u00a0-Fue m\u00e1s f\u00e1cil y me pusieron China.\u00a0La mam\u00e1 de mam\u00e1 era japonesa y mi hermano se cas\u00f3 con Pau Fukuhara y ahora tengo una sobrinita.<\/p>\n<p>Andy: -\u00bfY no les da cosa que te digan La China?\u00a0Porque La Japo es orgullo\u2026<\/p>\n<p>China:\u00a0-Mi hermano est\u00e1 muy conectado con ellos, con la cultura, y el exembajador le dijo, porque mi Instagram era @chinitadeamor, \u00abtodo bien, pero ella es nikkei\u00bb.<\/p>\n<p>Harry Salvarrey:\u00a0-Nikkei son los japoneses que no est\u00e1n en Jap\u00f3n&#8230;<\/p>\n<p>China: -Yo le dec\u00eda a mi hermano \u00ab\u00bfpor qu\u00e9 no me invitan a los eventos que vas vos?\u00bb.\u00a0Por eso ahora soy @sangrejaponesa.<\/p>\n<p>Andy: -\u00bfQui\u00e9n te puso China?<\/p>\n<p>China: -Un exnovio.<\/p>\n<p>Andy: -\u00a1Qu\u00e9 hijo de puta! Te cag\u00f3 la vida.<\/p>\n<p>China:\u00a0-No, fue porque empez\u00f3 un d\u00eda \u00abChina, Chinita&#8230;\u00bb. Ay, me pongo bord\u00f3.\u00a0Me empez\u00f3 a decir China porque se me achinan los ojos.<\/p>\n<p>Andy: -\u00bfEse no era conocido?<\/p>\n<p>China: -Todos mis exnovios fueron conocidos.<\/p>\n<p>Andy: -La mayor\u00eda pas\u00f3 por ac\u00e1.\u00a0Buena onda, todos.<\/p>\n<p>China: -No, fue hace mucho y no creo que haya pasado. Esto nunca lo cont\u00e9, que fue \u00e9l el que me dec\u00eda China.<\/p>\n<p>Andy: -\u00bfPero qui\u00e9n fue? No me hagas nombrar a todos.<\/p>\n<p>China: -Fue Nacho.<\/p>\n<p>Andy: -Nacho Viale.<\/p>\n","protected":false},"excerpt":{"rendered":"<p>\u00abEsto nunca lo cont\u00e9\u00bb Eugenia\u00a0\u00abChina\u00bb Su\u00e1rez\u00a0hizo una inesperada revelaci\u00f3n en\u00a0Perros de la Calle, al contar por primera vez que su apodo, con el que se lanz\u00f3 de lleno en el mundo de la m\u00fasica, se lo eligi\u00f3 un\u00a0exnovio:\u00a0Nacho Viale. Feliz con el estreno de la canci\u00f3n que hizo con\u00a0Ecko, Pasatiempo, la actriz y cantante habl\u00f3 [&hellip;]<\/p>\n","protected":false},"author":1,"featured_media":99724,"comment_status":"closed","ping_status":"closed","sticky":false,"template":"","format":"standard","meta":{"_seopress_robots_primary_cat":"","_seopress_titles_title":"","_seopress_titles_desc":"","_seopress_robots_index":"","footnotes":""},"categories":[4],"tags":[37887,37888,37889],"class_list":{"0":"post-99723","1":"post","2":"type-post","3":"status-publish","4":"format-standard","5":"has-post-thumbnail","7":"category-famosos","8":"tag-china-suarez-apodo","9":"tag-china-suarez-nacho-viale","10":"tag-origen-del-apodo-de-la-china-suarez"},"_links":{"self":[{"href":"https:\/\/www.cordobatimes.com\/showup\/wp-json\/wp\/v2\/posts\/99723","targetHints":{"allow":["GET"]}}],"collection":[{"href":"https:\/\/www.cordobatimes.com\/showup\/wp-json\/wp\/v2\/posts"}],"about":[{"href":"https:\/\/www.cordobatimes.com\/showup\/wp-json\/wp\/v2\/types\/post"}],"author":[{"embeddable":true,"href":"https:\/\/www.cordobatimes.com\/showup\/wp-json\/wp\/v2\/users\/1"}],"replies":[{"embeddable":true,"href":"https:\/\/www.cordobatimes.com\/showup\/wp-json\/wp\/v2\/comments?post=99723"}],"version-history":[{"count":0,"href":"https:\/\/www.cordobatimes.com\/showup\/wp-json\/wp\/v2\/posts\/99723\/revisions"}],"wp:featuredmedia":[{"embeddable":true,"href":"https:\/\/www.cordobatimes.com\/showup\/wp-json\/wp\/v2\/media\/99724"}],"wp:attachment":[{"href":"https:\/\/www.cordobatimes.com\/showup\/wp-json\/wp\/v2\/media?parent=99723"}],"wp:term":[{"taxonomy":"category","embeddable":true,"href":"https:\/\/www.cordobatimes.com\/showup\/wp-json\/wp\/v2\/categories?post=99723"},{"taxonomy":"post_tag","embeddable":true,"href":"https:\/\/www.cordobatimes.com\/showup\/wp-json\/wp\/v2\/tags?post=99723"}],"curies":[{"name":"wp","href":"https:\/\/api.w.org\/{rel}","templated":true}]}}