{"id":99717,"date":"2023-08-01T10:16:19","date_gmt":"2023-08-01T13:16:19","guid":{"rendered":"https:\/\/www.cordobatimes.com\/showup\/?p=99717"},"modified":"2023-08-01T10:16:19","modified_gmt":"2023-08-01T13:16:19","slug":"el-trailer-de-buenos-chicos-la-nueva-ficcion-de-eltrece","status":"publish","type":"post","link":"https:\/\/www.cordobatimes.com\/showup\/tv\/2023\/08\/01\/el-trailer-de-buenos-chicos-la-nueva-ficcion-de-eltrece\/","title":{"rendered":"El trailer de Buenos chicos, la nueva ficci\u00f3n de eltrece"},"content":{"rendered":"<h3><strong>En\u00a0Telenoche, mostraron c\u00f3mo es el nuevo ciclo de Polka que plantea qu\u00e9 har\u00eda un padre o una madre para salvar a sus hijos.<\/strong><\/h3>\n<p>Este lunes\u00a0Telenoche\u00a0puso al aire el trailer de\u00a0Buenos chicos,\u00a0la nueva ficci\u00f3n\u00a0que realiz\u00f3\u00a0Polka\u00a0para\u00a0eltrece\u00a0y que le plantea al televidente una pregunta m\u00e1s que movilizadora: \u00bfQu\u00e9 estar\u00edas dispuesto a hacer para salvar a tus hijos?<\/p>\n<p>En\u00a0Buenos chicos, un grupo de amigos que se conocen desde el secundario\u00a0se ven envueltos en una situaci\u00f3n l\u00edmite que pondr\u00e1 a prueba su amistad y su capacidad de trabajar en equipo cuando\u00a0deciden vengar\u00a0el intento de abuso de una de sus amigas.<\/p>\n<p>Sin quererlo,\u00a0los j\u00f3venes se v\u00edctimas de una extorsi\u00f3n que los obliga a realizar ciertas acciones\u00a0comprometedoras, y eso desemboca en que la polic\u00eda los considere una banda peligrosa y ponga un precio a sus cabezas.<\/p>\n<p>Atrapados en un c\u00edrculo vicioso, obliga a los j\u00f3venes a huir mientras viven historias de amor con intensidad, y\u00a0luchan por sobrevivir en un mundo que les es totalmente ajeno, el de los adultos.<\/p>\n<p>Por otra parte, las familias de los j\u00f3venes se debatir\u00e1n entre hacer lo correcto frente a la ley,\u00a0o bien lo que les dicta su coraz\u00f3n con respecto a sus hijos, y eso desembocar\u00e1 en todo tipo de situaciones contraproducentes para ambos lados.<\/p>\n<p>La ficci\u00f3n estar\u00e1 disponible muy pronto en la pantalla de eltrece, y se transformar\u00e1 en la segunda ficci\u00f3n que Polka estrena en el a\u00f1o,\u00a0luego de Argentina, tierra de amor y venganza 2 (ATAV 2) que sigue en el aire de lunes a viernes a las 23.15.<\/p>\n<h3><strong>\u00bfQUI\u00c9NES SON LOS ACTORES DE BUENOS CHICOS?<\/strong><\/h3>\n<p>Jer\u00f3nimo Bosia: Diego Kavanagh<\/p>\n<p>Ornela D\u00b4El\u00eda: Bruna Lucero<\/p>\n<p>Tom\u00e1s Kirzner: Ezequiel Zeta Grenon<\/p>\n<p>Santiago Achaga: Chino Lucero<\/p>\n<p>Gina Mastronicola: Camila Forte<\/p>\n<p>Roc\u00edo Hern\u00e1ndez: Mora Rossi<\/p>\n<p>Lautaro Rodr\u00edguez: Giovani Burgos<\/p>\n<p>Agustina Tremari: Angie Paz<\/p>\n<p>Carolina Unrein: Eme C\u00f3rdoba<\/p>\n<p>Fran V\u00e1zquez: Yoni C\u00f3rdoba<\/p>\n<p>Gabriela Toscano: Eugenia Gren\u00f3n<\/p>\n<p>Luis Mach\u00edn: Lorenzo Cardone<\/p>\n<p>Juan Palomino: Mario C\u00f3rdoba<\/p>\n<p>Luciano C\u00e1ceres: Juan Paz<\/p>\n<p>Romina Gaetani: Viviana<\/p>\n<p>Marita Ballesteros: In\u00e9s<\/p>\n<p>Pablo M\u00f3naco: Samuel Kavanagh<\/p>\n<p>Brenda Gandini: Majo<\/p>\n<p>Joaqu\u00edn Ferreira: Abel Guzm\u00e1n<\/p>\n<p>Fernanda Metilli: Dora Funes<\/p>\n<p>Agust\u00edn Sierra: Pedro Zambrano<\/p>\n<p>Teo D\u00b4Elia: Julian Cardone<\/p>\n<p>Mora Peretti: Martina Cardone<\/p>\n<p><iframe loading=\"lazy\" width=\"560\" height=\"315\" src=\"https:\/\/www.youtube.com\/embed\/qHyDc-zmXVM\" title=\"YouTube video player\" frameborder=\"0\" allow=\"accelerometer; autoplay; clipboard-write; encrypted-media; gyroscope; picture-in-picture; web-share\" allowfullscreen><\/iframe><\/p>\n","protected":false},"excerpt":{"rendered":"<p>En\u00a0Telenoche, mostraron c\u00f3mo es el nuevo ciclo de Polka que plantea qu\u00e9 har\u00eda un padre o una madre para salvar a sus hijos. Este lunes\u00a0Telenoche\u00a0puso al aire el trailer de\u00a0Buenos chicos,\u00a0la nueva ficci\u00f3n\u00a0que realiz\u00f3\u00a0Polka\u00a0para\u00a0eltrece\u00a0y que le plantea al televidente una pregunta m\u00e1s que movilizadora: \u00bfQu\u00e9 estar\u00edas dispuesto a hacer para salvar a tus hijos? En\u00a0Buenos [&hellip;]<\/p>\n","protected":false},"author":1,"featured_media":99718,"comment_status":"closed","ping_status":"closed","sticky":false,"template":"","format":"standard","meta":{"_seopress_robots_primary_cat":"","_seopress_titles_title":"","_seopress_titles_desc":"","_seopress_robots_index":"","footnotes":""},"categories":[2],"tags":[37885,37884],"class_list":{"0":"post-99717","1":"post","2":"type-post","3":"status-publish","4":"format-standard","5":"has-post-thumbnail","7":"category-tv","8":"tag-buenos-chicos-ficcion-de-polka","9":"tag-trailer-de-buenos-chicos"},"_links":{"self":[{"href":"https:\/\/www.cordobatimes.com\/showup\/wp-json\/wp\/v2\/posts\/99717","targetHints":{"allow":["GET"]}}],"collection":[{"href":"https:\/\/www.cordobatimes.com\/showup\/wp-json\/wp\/v2\/posts"}],"about":[{"href":"https:\/\/www.cordobatimes.com\/showup\/wp-json\/wp\/v2\/types\/post"}],"author":[{"embeddable":true,"href":"https:\/\/www.cordobatimes.com\/showup\/wp-json\/wp\/v2\/users\/1"}],"replies":[{"embeddable":true,"href":"https:\/\/www.cordobatimes.com\/showup\/wp-json\/wp\/v2\/comments?post=99717"}],"version-history":[{"count":0,"href":"https:\/\/www.cordobatimes.com\/showup\/wp-json\/wp\/v2\/posts\/99717\/revisions"}],"wp:featuredmedia":[{"embeddable":true,"href":"https:\/\/www.cordobatimes.com\/showup\/wp-json\/wp\/v2\/media\/99718"}],"wp:attachment":[{"href":"https:\/\/www.cordobatimes.com\/showup\/wp-json\/wp\/v2\/media?parent=99717"}],"wp:term":[{"taxonomy":"category","embeddable":true,"href":"https:\/\/www.cordobatimes.com\/showup\/wp-json\/wp\/v2\/categories?post=99717"},{"taxonomy":"post_tag","embeddable":true,"href":"https:\/\/www.cordobatimes.com\/showup\/wp-json\/wp\/v2\/tags?post=99717"}],"curies":[{"name":"wp","href":"https:\/\/api.w.org\/{rel}","templated":true}]}}