{"id":99714,"date":"2023-08-01T09:52:09","date_gmt":"2023-08-01T12:52:09","guid":{"rendered":"https:\/\/www.cordobatimes.com\/showup\/?p=99714"},"modified":"2023-08-01T09:52:09","modified_gmt":"2023-08-01T12:52:09","slug":"jorge-rial-contra-el-canal-de-nico-occhiato-se-siente-el-lavarropas-desde-aca","status":"publish","type":"post","link":"https:\/\/www.cordobatimes.com\/showup\/tv\/2023\/08\/01\/jorge-rial-contra-el-canal-de-nico-occhiato-se-siente-el-lavarropas-desde-aca\/","title":{"rendered":"Jorge Rial  contra el canal de Nico Occhiato: \u00abSe siente el lavarropas desde ac\u00e1\u00bb"},"content":{"rendered":"<h3><strong>El conductor contin\u00faa su guerra personal contra el ex de Flor Vigna.<\/strong><\/h3>\n<p>Jorge Rial le\u00a0declar\u00f3 la guerra\u00a0a\u00a0Nico Occhiato\u00a0y su\u00a0Luzu TV\u00a0al considerar que este \u00faltimo se burl\u00f3 junto a sus compa\u00f1eros del episodio card\u00edaco que vivi\u00f3 en Colombia en mayo, en el que\u00a0habr\u00eda estado 10 minutos muerto, y este lunes lanz\u00f3 una dura acusaci\u00f3n.<\/p>\n<p>Alejandro Castelo de LAM fue en busca del conductor de Argenzuela, que ratific\u00f3 sus dichos de Twitter sobre Nico. \u201cEs el conductor que dice que es apol\u00edtico, pero es partidario. \u00a1Ahora s\u00e9 qui\u00e9n es Occhiato, no sab\u00eda qui\u00e9n era! \u00a1Perd\u00f3n!\u201d, ironiz\u00f3 el papa de More Rial.<\/p>\n<p>En este sentido, Rial asegur\u00f3 que envi\u00f3 ese mensaje no solo para Occhiato sino tambi\u00e9n \u201cpara todos los periodistas que se dicen independientes y aparecen las listas de los pol\u00edticos\u201d. \u201cNo pasa nada igual, no s\u00e9 qu\u00e9 es Luzu\u201d, dijo, de vuelta en modo ir\u00f3nico.<\/p>\n<p>\u201cNo s\u00e9 qui\u00e9n es Santiago Talledo, dame dos laburos que haya hecho\u201d, dijo Rial sobre el panelista de Occhiato que hizo la parodia de su supuesta muerte. \u201c\u00bfEstuvo en Patito feo?\u00a0\u00a1Tiene 60 a\u00f1os, como yo! \u00a1Est\u00e1 grande para ser streaming!\u201d, exclam\u00f3 Jorge.<\/p>\n<p>\u201cEstos pibes se hacen los cancheros\u00a0desde el streaming\u00a0y despu\u00e9s, en la vida real, arrugan. No te lo dicen nunca en la cara\u201d, dijo, antes de denostar el streaming. \u201cEs un mundo para pendejos a los que les gusta ese humor y me parece muy bien\u201d, dijo, antes de lanzar una dura acusaci\u00f3n.<\/p>\n<p>\u201cEs un gran lavadero de guita el streaming hoy. Averig\u00fcen qui\u00e9n banca a los streamers. Averig\u00fcen qu\u00e9 pol\u00edtico se quiso sentar con Occhiato a comparle Luzu.\u00a0Averig\u00fcen eso, chicos, y se siente el lavarropas desde ac\u00e1. Es impresionante c\u00f3mo se siente, desde ac\u00e1 lo siento al Eslab\u00f3n de lujo\u201d, dijo, ante la risa del notero.<\/p>\n<p>Cuando Castelo le hizo notar que Luzu tiene muchas visualizaciones, Rial le contest\u00f3: \u201cS\u00ed, infladas. And\u00e1 a preguntarle a Pergolini\u201d, dijo, en referencia al empresario que cuestion\u00f3 a Nico hace unos meses, y cerr\u00f3:\u00a0\u201cSi yo escuchara streaming, escuchar\u00eda a Migue Granados\u201d. Dos p\u00e1jaros de un tiro.<\/p>\n<blockquote class=\"twitter-tweet\">\n<p lang=\"es\" dir=\"ltr\">\ud83d\udca5 Jorge Rial destroz\u00f3 a Luzu TV y a Nico Occhiato<\/p>\n<p>\ud83d\udcac \u201cSe hacen los cancheros y en la vida real arrugan\u201d.<\/p>\n<p>Cc <a href=\"https:\/\/twitter.com\/hashtag\/LAM?src=hash&amp;ref_src=twsrc%5Etfw\">#LAM<\/a> en Am\u00e9rica TV \ud83d\udcfa <a href=\"https:\/\/twitter.com\/elejercitodelam?ref_src=twsrc%5Etfw\">@elejercitodelam<\/a> <a href=\"https:\/\/twitter.com\/AngeldebritoOk?ref_src=twsrc%5Etfw\">@AngeldebritoOk<\/a> <a href=\"https:\/\/t.co\/pOAkhJd7yn\">pic.twitter.com\/pOAkhJd7yn<\/a><\/p>\n<p>&mdash; Am\u00e9rica TV (@AmericaTV) <a href=\"https:\/\/twitter.com\/AmericaTV\/status\/1686172742523944961?ref_src=twsrc%5Etfw\">August 1, 2023<\/a><\/p><\/blockquote>\n<p> <script async src=\"https:\/\/platform.twitter.com\/widgets.js\" charset=\"utf-8\"><\/script><\/p>\n","protected":false},"excerpt":{"rendered":"<p>El conductor contin\u00faa su guerra personal contra el ex de Flor Vigna. Jorge Rial le\u00a0declar\u00f3 la guerra\u00a0a\u00a0Nico Occhiato\u00a0y su\u00a0Luzu TV\u00a0al considerar que este \u00faltimo se burl\u00f3 junto a sus compa\u00f1eros del episodio card\u00edaco que vivi\u00f3 en Colombia en mayo, en el que\u00a0habr\u00eda estado 10 minutos muerto, y este lunes lanz\u00f3 una dura acusaci\u00f3n. Alejandro Castelo [&hellip;]<\/p>\n","protected":false},"author":1,"featured_media":99715,"comment_status":"closed","ping_status":"closed","sticky":false,"template":"","format":"standard","meta":{"_seopress_robots_primary_cat":"","_seopress_titles_title":"","_seopress_titles_desc":"","_seopress_robots_index":"","footnotes":""},"categories":[2],"tags":[37883,37882],"class_list":{"0":"post-99714","1":"post","2":"type-post","3":"status-publish","4":"format-standard","5":"has-post-thumbnail","7":"category-tv","8":"tag-jorge-rial-luzu-tv","9":"tag-jorge-rial-y-nico-occhiato"},"_links":{"self":[{"href":"https:\/\/www.cordobatimes.com\/showup\/wp-json\/wp\/v2\/posts\/99714","targetHints":{"allow":["GET"]}}],"collection":[{"href":"https:\/\/www.cordobatimes.com\/showup\/wp-json\/wp\/v2\/posts"}],"about":[{"href":"https:\/\/www.cordobatimes.com\/showup\/wp-json\/wp\/v2\/types\/post"}],"author":[{"embeddable":true,"href":"https:\/\/www.cordobatimes.com\/showup\/wp-json\/wp\/v2\/users\/1"}],"replies":[{"embeddable":true,"href":"https:\/\/www.cordobatimes.com\/showup\/wp-json\/wp\/v2\/comments?post=99714"}],"version-history":[{"count":0,"href":"https:\/\/www.cordobatimes.com\/showup\/wp-json\/wp\/v2\/posts\/99714\/revisions"}],"wp:featuredmedia":[{"embeddable":true,"href":"https:\/\/www.cordobatimes.com\/showup\/wp-json\/wp\/v2\/media\/99715"}],"wp:attachment":[{"href":"https:\/\/www.cordobatimes.com\/showup\/wp-json\/wp\/v2\/media?parent=99714"}],"wp:term":[{"taxonomy":"category","embeddable":true,"href":"https:\/\/www.cordobatimes.com\/showup\/wp-json\/wp\/v2\/categories?post=99714"},{"taxonomy":"post_tag","embeddable":true,"href":"https:\/\/www.cordobatimes.com\/showup\/wp-json\/wp\/v2\/tags?post=99714"}],"curies":[{"name":"wp","href":"https:\/\/api.w.org\/{rel}","templated":true}]}}