{"id":99705,"date":"2023-07-31T21:15:21","date_gmt":"2023-08-01T00:15:21","guid":{"rendered":"https:\/\/www.cordobatimes.com\/showup\/?p=99705"},"modified":"2023-08-01T09:34:09","modified_gmt":"2023-08-01T12:34:09","slug":"angel-de-brito-wanda-se-entero-de-su-enfermedad-por-la-tele","status":"publish","type":"post","link":"https:\/\/www.cordobatimes.com\/showup\/tv\/2023\/07\/31\/angel-de-brito-wanda-se-entero-de-su-enfermedad-por-la-tele\/","title":{"rendered":"\u00c1ngel de Brito: \u00abWanda se enter\u00f3 de su enfermedad por la tele\u00bb"},"content":{"rendered":"<h3><strong>\u00abEsto le decia Wanda a Mauro, \u00abme voy a morir y no me lo dicen\u00bb<\/strong><\/h3>\n<p class=\"paragraph\" data-mrf-recirculation=\"Links inline\">Despu\u00e9s de la llegada de\u00a0<b>Wanda Nara<\/b>\u00a0a Turqu\u00eda, d\u00f3nde fue ovacionada por los fan\u00e1ticos del Galatasaray, club en el que juega su marido<b>\u00a0Mauro Icardi<\/b>,<b>\u00a0\u00c1ngel de Brito\u00a0<\/b>mantuvo una charla privada con ella en la que la actual conductora de\u00a0<b>Masterchef\u00a0<\/b>le confirm\u00f3 su enfermedad y le dio detalles de su estado de salud. \u201cNo voy a contar todo, voy a contar solo lo m\u00e1s importante\u201d, empez\u00f3 diciendo el periodista antes de reproducir la charla que hab\u00edan mantenido el d\u00eda s\u00e1bado y en la que ella le hab\u00eda confesado que estaba asimilando la situaci\u00f3n.<\/p>\n<p class=\"paragraph\" data-mrf-recirculation=\"Links inline\">\u201cFue una conversaci\u00f3n muy larga en la que me cont\u00f3 de todo. Yo le pregunt\u00e9 porque pensaba que se iba a quedar ac\u00e1 a ra\u00edz de todo lo que se dijo con respecto a su enfermedad, que Wanda me la confirma.\u00a0<b>Me confirma la enfermedad que est\u00e1 atravesando<\/b>, claramente, con nombre y apellido, me la dijo. Pero sigo eligiendo que la diga ella. Lo va a contar Wanda, porque se lo pregunt\u00e9\u201d, cont\u00f3 en el inicio de su relato el conductor de\u00a0<b>LAM<\/b>. Y asegur\u00f3 que que ella le asegur\u00f3 que lo iba a decir cuando estuviera \u201cm\u00e1s tranquila\u201d y cuando vuelva a Buenos Aires.<\/p>\n<p class=\"paragraph\" data-mrf-recirculation=\"Links inline\">Luego sigui\u00f3: \u201cObviamente, Wanda ahora est\u00e1 focalizada en su tratamiento, en su familia, en que dej\u00f3 un hijo ac\u00e1, en que se est\u00e1 instalando con sus otros hijos all\u00e1 nuevamente y en que<b>\u00a0todos est\u00e1n en shock.<\/b>\u00a0Esa es la palabra que utiliz\u00f3 Wanda\u201d.<\/p>\n<p class=\"paragraph\" data-mrf-recirculation=\"Links inline\">El periodista confirm\u00f3 que<b>\u00a0la empresaria va a seguir su tratamiento en la Argentina y que ya lo empez\u00f3<\/b>. \u201cEn alg\u00fan momento se dijo que Wanda se iba a atender en Mil\u00e1n y hubo distintas versiones. Tambi\u00e9n que se iba a atender en Turqu\u00eda. Wanda tuvo un m\u00e9dico de cabecera 15 a\u00f1os, cuando viv\u00eda en Italia, en Mil\u00e1n particularmente. Pero prefiere tratarse con los m\u00e9dicos argentinos. Y est\u00e1 muy conforme por c\u00f3mo la trataron en la segunda instituci\u00f3n a la que fue y es donde se detect\u00f3 el tema de salud que tiene\u201d, explic\u00f3 de Brito.<\/p>\n<p class=\"paragraph\" data-mrf-recirculation=\"Links inline\">\u201cMe dijo: \u2018Voy a ir y venir varias veces, seguramente, porque<b>\u00a0Valentino\u00a0<\/b>est\u00e1 all\u00e1 jugando en River\u2019. Y me pone: \u2018Las mam\u00e1s queremos que todos sean felices. Y \u00e9l, ah\u00ed jugando en su equipo, es feliz. A m\u00ed me cuesta porque, obviamente, me tengo que separar\u2019. Pero su hijo sigue ac\u00e1\u201d, continu\u00f3 \u00c1ngel. Y cont\u00f3 que, cuando \u00e9l le pregunt\u00f3 c\u00f3mo estaba ella, le respondi\u00f3: \u201c<b>Bien, en shock, asimilando. Y cuando pueda entender yo, quiz\u00e1 pueda contarlo p\u00fablicamente<\/b>\u201d.<\/p>\n<p class=\"paragraph\" data-mrf-recirculation=\"Links inline\">Luego, de Brito sigui\u00f3 leyendo la respuesta de Wanda: \u201c<b>Fue duro porque me enter\u00e9 por la tele. Nadie me dec\u00eda, no me confirmaban un diagn\u00f3stico<\/b>\u201d. Y aclar\u00f3 que no se sab\u00eda c\u00f3mo se hab\u00eda filtrado la informaci\u00f3n a los medios, pero que la propia protagonista supo de su diagn\u00f3stico por lo que escuch\u00f3 de un periodista. \u201cObviamente, los m\u00e9dicos con cautela no le dec\u00edan: \u2018Ten\u00e9s tal o cual cosa\u2019. Porque quer\u00edan ser espec\u00edficos. De hecho, se hace los primeros estudios que son de sangre y que son los que dan los valores mal, y despu\u00e9s va a Fundaleu, a otra instituci\u00f3n, que es donde la empiezan a tratar con m\u00e1s rigurosidad. Y es donde empieza su tratamiento y la medicaci\u00f3n\u201d, explic\u00f3 \u00c1ngel. Y cont\u00f3 que el diagn\u00f3stico final, con el resultado de la biopsia, reci\u00e9n le hab\u00eda llegado el jueves pasado.<\/p>\n<p class=\"paragraph\" data-mrf-recirculation=\"Links inline\">\u201cAntes de ese resultado, me aclara Wanda, nunca le confirman a nadie. De esa manera trabaja la instituci\u00f3n\u201d, sigui\u00f3 el periodista. Y revel\u00f3 que la empresaria le hab\u00eda dicho que hab\u00eda movido \u201ccielo y tierra\u201d para que le dijeran a ella lo que los medios ya hab\u00edan publicado. \u201c<b>En un primer momento entraban enfermeras llorando y me abrazaban. Y yo le dec\u00eda a Mauro: \u2018Me voy a morir y no me lo dicen\u2019<\/b>\u201d, le confes\u00f3 Nara.<\/p>\n<p class=\"paragraph\" data-mrf-recirculation=\"Links inline\">Seg\u00fan explic\u00f3 de Brito, ten\u00edan sospechas pero pod\u00edan ser seis enfermedades distintas y no le dec\u00edan nada a la empresaria porque no estaban completamente seguros. \u201cMe hice una biopsia que tarda entre quince y veinte d\u00edas en tener el resultado final. Y ah\u00ed se confirma. En mi caso tard\u00f3 doce d\u00edas. Pero me enter\u00e9 por televisi\u00f3n. Y yo se lo dec\u00eda todo el tiempo a los m\u00e9dicos: \u2018Lo dicen en la tele\u2019. En este lugar se hacen cinco estudios y todo indicaba que pod\u00eda ser una de estas cosas. Pero no se pod\u00eda confirmar al cien por ciento y, para no equivocar la medicaci\u00f3n que te suministran, quieren ser lo m\u00e1s exactos posibles\u201d, le cont\u00f3 Wanda.<\/p>\n<p class=\"paragraph\" data-mrf-recirculation=\"Links inline\">Si bien no quiso ponerle nombre al diagn\u00f3stico que Wanda le confirm\u00f3, de Brito cont\u00f3 que ella le dijo que el tratamiento era \u201ccon medicaci\u00f3n y muy lento\u201d. \u201cMe dice: \u2018En ese momento entr\u00e9 en p\u00e1nico por no saber qu\u00e9 me estaba pasando. Por los chicos, se te cruza todo por la cabeza.\u00a0<b>Ten\u00eda a todos los nenes llorando mientras todo el mundo hablaba en los medios. Mi familia, destruida.<\/b><b>\u00a0Mauro quer\u00eda dejar la carrera<\/b>.\u00a0<b>Zaira<\/b>\u00a0se volvi\u00f3 de sus vacaciones. Mi mam\u00e1 tirada por el piso. Sent\u00ed que se ca\u00eda todo. Y me hice fuerte para que sientan todos que estaba bien, pero se me desmoronaba todo\u2019\u201d.<\/p>\n<p class=\"paragraph\" data-mrf-recirculation=\"Links inline\">\u00c1ngel explic\u00f3 que Wanda estaba muy conforme con la atenci\u00f3n m\u00e9dica que hab\u00eda recibido en el pa\u00eds y que Telefe, canal que la tiene contratada, la hab\u00eda apoyado mucho. \u201cSe comunicaron permanentemente conmigo\u201d, le dijo. Y le cont\u00f3 que<b>\u00a0Susana Gim\u00e9nez<\/b>\u00a0le hab\u00eda recomendado a un m\u00e9dico en particular, con el que efectivamente est\u00e1 siguiendo su tratamiento. \u201cYo estaba con mucho miedo, en shock y no conoc\u00eda a nadie\u201d, le coment\u00f3.<\/p>\n<p class=\"paragraph\" data-mrf-recirculation=\"Links inline\">Por otra parte, el periodista le pregunt\u00f3 que s\u00edntomas anteriores hab\u00eda tenido y si hab\u00eda ido a hacerse los chequeos por algo en particular. \u201cA nosotros nos hab\u00eda llegado que no ten\u00eda s\u00edntomas, salvo un peque\u00f1o dolor, y ella me confirma esto. Me dice que los m\u00e9dicos le dijeron que no entend\u00edan c\u00f3mo no se hab\u00eda desmayado antes con los valores que le dieron los an\u00e1lisis. Ella dice que se sent\u00eda re bien. Me dice: \u2018Yo me fui a hacer el control normal que me hago siempre\u2019. Como cont\u00e9 yo ac\u00e1, porque me lo hab\u00edan dicho ellos, antes de viajar y para sac\u00e1rselo de encima se hizo los an\u00e1lisis de sangre que se hace todo el mundo\u201d, se\u00f1al\u00f3.<\/p>\n<p class=\"paragraph\" data-mrf-recirculation=\"Links inline\">Y sigui\u00f3: \u201cSe ve que estaba muy entretenida y con la adrenalina del trabajo y por eso dejaba los dolores de costado. \u2018Las grabaciones de Masterchef fueron duras, estaba muchas horas parada y ni un resfr\u00edo\u2019, me dice.\u00a0<b>\u2018Solo a veces ten\u00eda un peque\u00f1o dolor en la panza, pero pensaba que era por comer a cualquier hora\u2019<\/b>, porque cuando est\u00e1s grabando se te desorganiza todo. \u2018O por comer apurada en las grabaciones\u2019, porque llevan mucho tiempo y a veces com\u00e9s en un hueco. Nos pas\u00f3 a todos en el\u00a0<b>Bailando<\/b>\u00a0en alg\u00fan momento. \u2018Finalmente, era el bazo que lo ten\u00eda muy agrandado. Pero yo estaba re bien, no sent\u00eda nada. Cuando me lleg\u00f3 la informaci\u00f3n fue un shock\u2019\u201d.<\/p>\n<p class=\"paragraph\" data-mrf-recirculation=\"Links inline\">Seg\u00fan le cont\u00f3 la empresaria, casi no llega a hacerse el estudio porque estaba en Nordelta y, para no hacerlos ir tan lejos a los profesionales del laboratorio a domicilio, baraj\u00f3 la posibilidad de hac\u00e9rselos en Europa. \u201c<b>Menos mal que me los hice, porque con esos valores no pod\u00eda subir a un avi\u00f3n<\/b>\u201d, le confes\u00f3 ella. \u201cEsta es la palabra de Wanda Nara hablando por primera vez de lo que le toca atravesar\u201d, finaliz\u00f3 entonces de Brito.<\/p>\n<blockquote class=\"twitter-tweet\">\n<p dir=\"ltr\" lang=\"es\">\ud83d\udca5 La palabra de Wanda Nara sobre su salud<\/p>\n<p>\ud83d\udcac \u201cMe enter\u00e9 por la televisi\u00f3n\u201d, dijo la conductora.<\/p>\n<p>\ud83d\udcac \u201cMe confirm\u00f3 la enfermedad que est\u00e1 atravesando\u201d, expres\u00f3 \u00c1ngel de Brito.<\/p>\n<p>Cc <a href=\"https:\/\/twitter.com\/hashtag\/LAM?src=hash&amp;ref_src=twsrc%5Etfw\">#LAM<\/a> en Am\u00e9rica TV \ud83d\udcfa <a href=\"https:\/\/twitter.com\/elejercitodelam?ref_src=twsrc%5Etfw\">@elejercitodelam<\/a> <a href=\"https:\/\/twitter.com\/AngeldebritoOk?ref_src=twsrc%5Etfw\">@AngeldebritoOk<\/a> <a href=\"https:\/\/t.co\/uEyyKSWHIq\">pic.twitter.com\/uEyyKSWHIq<\/a><\/p>\n<p>\u2014 Am\u00e9rica TV (@AmericaTV) <a href=\"https:\/\/twitter.com\/AmericaTV\/status\/1686167550881644544?ref_src=twsrc%5Etfw\">August 1, 2023<\/a><\/p><\/blockquote>\n<p><script async src=\"https:\/\/platform.twitter.com\/widgets.js\" charset=\"utf-8\"><\/script><\/p>\n","protected":false},"excerpt":{"rendered":"<p>\u00abEsto le decia Wanda a Mauro, \u00abme voy a morir y no me lo dicen\u00bb Despu\u00e9s de la llegada de\u00a0Wanda Nara\u00a0a Turqu\u00eda, d\u00f3nde fue ovacionada por los fan\u00e1ticos del Galatasaray, club en el que juega su marido\u00a0Mauro Icardi,\u00a0\u00c1ngel de Brito\u00a0mantuvo una charla privada con ella en la que la actual conductora de\u00a0Masterchef\u00a0le confirm\u00f3 su enfermedad [&hellip;]<\/p>\n","protected":false},"author":1,"featured_media":99706,"comment_status":"closed","ping_status":"closed","sticky":false,"template":"","format":"standard","meta":{"_seopress_robots_primary_cat":"","_seopress_titles_title":"","_seopress_titles_desc":"","_seopress_robots_index":"","footnotes":""},"categories":[2],"tags":[37723,37727,37735],"class_list":{"0":"post-99705","1":"post","2":"type-post","3":"status-publish","4":"format-standard","5":"has-post-thumbnail","7":"category-tv","8":"tag-estado-de-salud-de-wanda-nara","9":"tag-salud-de-wanda-nara","10":"tag-wanda-nara-angel-de-brito"},"_links":{"self":[{"href":"https:\/\/www.cordobatimes.com\/showup\/wp-json\/wp\/v2\/posts\/99705","targetHints":{"allow":["GET"]}}],"collection":[{"href":"https:\/\/www.cordobatimes.com\/showup\/wp-json\/wp\/v2\/posts"}],"about":[{"href":"https:\/\/www.cordobatimes.com\/showup\/wp-json\/wp\/v2\/types\/post"}],"author":[{"embeddable":true,"href":"https:\/\/www.cordobatimes.com\/showup\/wp-json\/wp\/v2\/users\/1"}],"replies":[{"embeddable":true,"href":"https:\/\/www.cordobatimes.com\/showup\/wp-json\/wp\/v2\/comments?post=99705"}],"version-history":[{"count":0,"href":"https:\/\/www.cordobatimes.com\/showup\/wp-json\/wp\/v2\/posts\/99705\/revisions"}],"wp:featuredmedia":[{"embeddable":true,"href":"https:\/\/www.cordobatimes.com\/showup\/wp-json\/wp\/v2\/media\/99706"}],"wp:attachment":[{"href":"https:\/\/www.cordobatimes.com\/showup\/wp-json\/wp\/v2\/media?parent=99705"}],"wp:term":[{"taxonomy":"category","embeddable":true,"href":"https:\/\/www.cordobatimes.com\/showup\/wp-json\/wp\/v2\/categories?post=99705"},{"taxonomy":"post_tag","embeddable":true,"href":"https:\/\/www.cordobatimes.com\/showup\/wp-json\/wp\/v2\/tags?post=99705"}],"curies":[{"name":"wp","href":"https:\/\/api.w.org\/{rel}","templated":true}]}}