{"id":99701,"date":"2023-07-31T20:48:00","date_gmt":"2023-07-31T23:48:00","guid":{"rendered":"https:\/\/www.cordobatimes.com\/showup\/?p=99701"},"modified":"2023-07-31T20:48:00","modified_gmt":"2023-07-31T23:48:00","slug":"rial-dijo-que-a-morena-le-pagaron-para-que-hablara-en-contra-suya","status":"publish","type":"post","link":"https:\/\/www.cordobatimes.com\/showup\/tv\/2023\/07\/31\/rial-dijo-que-a-morena-le-pagaron-para-que-hablara-en-contra-suya\/","title":{"rendered":"Rial dijo que a Morena le pagaron para que hablara en contra suya"},"content":{"rendered":"<h3><strong>El periodista apunt\u00f3 contra Am\u00e9rica por la gira de su hija mayor en su pantalla.<\/strong><\/h3>\n<p>Para\u00a0Jorge Rial\u00a0est\u00e1 claro\u00a0que la\u00a0gira de\u00a0Morena Rial\u00a0por\u00a0Am\u00e9rica, donde fue al hueso para contar las miserias familiares, fue un acto deliberado para da\u00f1arlo.<\/p>\n<p>\u00abYa s\u00e9 que es una venganza. Conozco a esa gente. Labur\u00e9 20 a\u00f1os con Daniel Vila\u00bb, expres\u00f3 el periodista sobre el accionista del multimedios Am\u00e9rica.<\/p>\n<p>\u00abConocen a mis hijas desde que nacieron, y no dudaron en explotar eso durante 10 d\u00edas y pagarle adem\u00e1s para ir\u00bb,\u00a0protest\u00f3 el conductor de\u00a0Argenzuela\u00a0en\u00a0Duro de Domar.<\/p>\n<p>Entonces, justific\u00f3 el ataque: \u00abEs porque me fui. Pero esto\u00a0le pas\u00f3 a Jey Mammon, le pasa a Alejandro Fantino\u00a0de vez en cuando. Todos los que nos vamos de ah\u00ed de alguna manera hay como una especie de venganza. No s\u00e9 qu\u00e9 pasa. Yo me fui bien de Am\u00e9rica. Me fui. Punto\u00bb.<\/p>\n<p>\u00abPese a todo, a Daniel lo sigo apreciando. Pese a todo\u00bb,\u00a0cerr\u00f3 Jorge Rial sobre Daniel Vila,\u00a0a quien responsabiliz\u00f3 por las explosivas declaraciones de Morena Rial en su contra.<\/p>\n<p>&nbsp;<\/p>\n<h3><strong>EL DOLOR DE JORGE RIAL TRAS EL VIRULENTO DESAHOGO DE MORENA<\/strong><\/h3>\n<p>\u00abLo que m\u00e1s me molest\u00f3 es la vulnerabilidad de Morena\u00a0explotada de una manera terrible durante 10 d\u00edas\u00bb, cont\u00f3 Jorge Rial respecto de lo que sucedi\u00f3 con su hija mayor.<\/p>\n<p>Aunque aclar\u00f3: \u00abTodo tiene soluci\u00f3n porque\u00a0es mi hija y la voy a amar toda la vida\u00bb.<\/p>\n<p>\u00abEs un dolor inmenso, injusto. Lo peor es que a m\u00ed me afect\u00f3, estoy m\u00e1s curtido, pero\u00a0afect\u00f3 a mi otra hija, Roc\u00edo, de una manera cruel.\u00a0Le puso un bozal a Morena porque se cans\u00f3. Fue muy cruel\u00bb.<\/p>\n<p>Al final, Jorge Rial lament\u00f3 la actitud del canal en el que fue figura durante m\u00e1s de dos d\u00e9cadas:\u00a0\u00abNo es la primera vez que Morena habla de esta manera, la entiendo, s\u00e9 todo, no me voy a poner a contar cosas de ella porque no soy igual.\u00a0Lo peor es que hicieron uso y abuso de las falencias.\u00a0Eso fue lo que m\u00e1s me molest\u00f3\u00bb.<\/p>\n<div style=\"width: 640px;\" class=\"wp-video\"><video class=\"wp-video-shortcode\" id=\"video-99701-1\" width=\"640\" height=\"360\" preload=\"metadata\" controls=\"controls\"><source type=\"video\/mp4\" src=\"https:\/\/www.cordobatimes.com\/showup\/wp-content\/uploads\/2023\/07\/videoplayback-3-1.mp4?_=1\" \/><a href=\"https:\/\/www.cordobatimes.com\/showup\/wp-content\/uploads\/2023\/07\/videoplayback-3-1.mp4\">https:\/\/www.cordobatimes.com\/showup\/wp-content\/uploads\/2023\/07\/videoplayback-3-1.mp4<\/a><\/video><\/div>\n","protected":false},"excerpt":{"rendered":"<p>El periodista apunt\u00f3 contra Am\u00e9rica por la gira de su hija mayor en su pantalla. Para\u00a0Jorge Rial\u00a0est\u00e1 claro\u00a0que la\u00a0gira de\u00a0Morena Rial\u00a0por\u00a0Am\u00e9rica, donde fue al hueso para contar las miserias familiares, fue un acto deliberado para da\u00f1arlo. \u00abYa s\u00e9 que es una venganza. Conozco a esa gente. Labur\u00e9 20 a\u00f1os con Daniel Vila\u00bb, expres\u00f3 el periodista [&hellip;]<\/p>\n","protected":false},"author":1,"featured_media":99702,"comment_status":"closed","ping_status":"closed","sticky":false,"template":"","format":"standard","meta":{"_seopress_robots_primary_cat":"","_seopress_titles_title":"","_seopress_titles_desc":"","_seopress_robots_index":"","footnotes":""},"categories":[2],"tags":[37879,37880,26145],"class_list":{"0":"post-99701","1":"post","2":"type-post","3":"status-publish","4":"format-standard","5":"has-post-thumbnail","7":"category-tv","8":"tag-conflicto-de-jorge-rial-morena-rial","9":"tag-jorge-rial-duro-de-domar","10":"tag-jorge-rial-morena-rial"},"_links":{"self":[{"href":"https:\/\/www.cordobatimes.com\/showup\/wp-json\/wp\/v2\/posts\/99701","targetHints":{"allow":["GET"]}}],"collection":[{"href":"https:\/\/www.cordobatimes.com\/showup\/wp-json\/wp\/v2\/posts"}],"about":[{"href":"https:\/\/www.cordobatimes.com\/showup\/wp-json\/wp\/v2\/types\/post"}],"author":[{"embeddable":true,"href":"https:\/\/www.cordobatimes.com\/showup\/wp-json\/wp\/v2\/users\/1"}],"replies":[{"embeddable":true,"href":"https:\/\/www.cordobatimes.com\/showup\/wp-json\/wp\/v2\/comments?post=99701"}],"version-history":[{"count":0,"href":"https:\/\/www.cordobatimes.com\/showup\/wp-json\/wp\/v2\/posts\/99701\/revisions"}],"wp:featuredmedia":[{"embeddable":true,"href":"https:\/\/www.cordobatimes.com\/showup\/wp-json\/wp\/v2\/media\/99702"}],"wp:attachment":[{"href":"https:\/\/www.cordobatimes.com\/showup\/wp-json\/wp\/v2\/media?parent=99701"}],"wp:term":[{"taxonomy":"category","embeddable":true,"href":"https:\/\/www.cordobatimes.com\/showup\/wp-json\/wp\/v2\/categories?post=99701"},{"taxonomy":"post_tag","embeddable":true,"href":"https:\/\/www.cordobatimes.com\/showup\/wp-json\/wp\/v2\/tags?post=99701"}],"curies":[{"name":"wp","href":"https:\/\/api.w.org\/{rel}","templated":true}]}}