{"id":99692,"date":"2023-07-31T18:46:53","date_gmt":"2023-07-31T21:46:53","guid":{"rendered":"https:\/\/www.cordobatimes.com\/showup\/?p=99692"},"modified":"2023-07-31T18:46:53","modified_gmt":"2023-07-31T21:46:53","slug":"la-china-suarez-hablo-de-su-relacion-con-pampita","status":"publish","type":"post","link":"https:\/\/www.cordobatimes.com\/showup\/famosos\/2023\/07\/31\/la-china-suarez-hablo-de-su-relacion-con-pampita\/","title":{"rendered":"La China Su\u00e1rez habl\u00f3 de su relaci\u00f3n con Pampita"},"content":{"rendered":"<h3><strong>Despu\u00e9s de el hist\u00f3rico momento que trascendi\u00f3 en el que la actriz, la modelo y Benjam\u00edn Vicu\u00f1a se mostraron juntos por primera vez, la actriz rompi\u00f3 el silencio en una entrevista.<\/strong><\/h3>\n<p>La China Su\u00e1rez y Pampita\u00a0se juntaron sorpresivamente en las \u00faltimas horas y compartieron la imagen en sus respectivas redes sociales. Desde hace algunos a\u00f1os, decidieron dejar los problemas personas atr\u00e1s y priorizar la familia. En el encuentro tambi\u00e9n estuvo presente Benjam\u00edn Vicu\u00f1a.<\/p>\n<p>La actriz de 31 a\u00f1os subi\u00f3 una foto con toda la familia y puso \u201cGracias\u201d. Estaba toda la familia reunida junto con Anita, la hija que tiene la modelo con el pol\u00edtico\u00a0Roberto Garc\u00eda Morit\u00e1n. Luego, aparte de la foto familiar, tambi\u00e9n subieron una foto con todos los hermanos juntos. Se trat\u00f3 del cumplea\u00f1os de Amancio, el hijo m\u00e1s chico de la China, el \u00faltimo que tuvo con el chileno. \u201cFeliz nacimiento, rey de mi vida\u201d, poste\u00f3 la madre en Instagram. Se pudo ver tambi\u00e9n al padre junto con Magnolia y Rufina celebrar y soplar las velas.<\/p>\n<p class=\"paragraph\" data-mrf-recirculation=\"Links inline\">Esto se dio en el marco de la declaraci\u00f3n de Vicu\u00f1a en los Mart\u00edn Fierro en la que asegur\u00f3 que Argentina le dio \u201cun amor\u201d. Luego de eso, Pampita respondi\u00f3 que estaba todo bien y la exintegrante de Casi \u00c1ngeles sali\u00f3 con un picante posteo con una foto de sus hijos titulada: \u201cMis amores\u201d.<\/p>\n<p class=\"paragraph\" data-mrf-recirculation=\"Links inline\">A partir de esto, Eugenia Su\u00e1rez rompi\u00f3 el silencio en una entrevista con\u00a0<i>Perros de la calle<\/i>\u00a0(Urbana Play donde la cantante naturaliz\u00f3 las im\u00e1genes que circularon, ya que cont\u00f3 que muchas veces suelen compartir instantes como familia ensamblada, aunque no difundan las fotos.<\/p>\n<p class=\"paragraph\" data-mrf-recirculation=\"Links inline\">Durante la charla con<b>\u00a0Andy Kusnetzoff,\u00a0<\/b>la actriz remarc\u00f3 que desde algunos lugares \u201ca veces dicen cosas\u201d que tienen que ver con el \u201cmorbo de enfrentar a dos mujeres, m\u00e1s all\u00e1 de lo que haya pasado hace mucho tiempo\u201d. \u201cVende un poco eso de poner un hombre como trofeo y dos mujeres enfrentadas por el mismo hombre. Sigue pasando. Lo que est\u00e1 bueno es mostrar la realidad. La gente a veces cree mucho en las pel\u00edculas que se arman, creen que todo es mucho m\u00e1s grave o m\u00e1s dram\u00e1tico de lo que en realidad es\u201d, se\u00f1al\u00f3.<\/p>\n<p class=\"paragraph\" data-mrf-recirculation=\"Links inline\">\u201cNosotras tenemos esa relaci\u00f3n y hay un mont\u00f3n de eventos familiares en los que nos vemos que obviamente no publicamos nada. Mis hijos fueron al cumple de Anita y se aman.<b>\u00a0Nos juntamos tambi\u00e9n en la casa de ella o en mi casa y la mejor.\u00a0<\/b>Hemos hablado miles de veces de muchas cosas de la vida y as\u00ed tiene que ser\u201d, asegur\u00f3.<\/p>\n<div class=\"visual__image\"><img loading=\"lazy\" decoding=\"async\" class=\" lazyload\" src=\"https:\/\/www.infobae.com\/new-resizer\/njChp6n73mNevPl8hhQYl2UCfOM=\/arc-anglerfish-arc2-prod-infobae\/public\/2O4WP7PMJZDG5BKOXRHLEFKAT4.jpg\" sizes=\"auto, (min-width: 800px) 50vw, 90vw\" srcset=\"https:\/\/www.infobae.com\/new-resizer\/w6Ut_riWzSJKBweIJxNBks2Pdb0=\/420x236\/filters:format(webp):quality(85)\/cloudfront-us-east-1.images.arcpublishing.com\/infobae\/2O4WP7PMJZDG5BKOXRHLEFKAT4.jpg 420w,https:\/\/www.infobae.com\/new-resizer\/wdsiX3LIfF7DGLIHGlXiwxtBjYw=\/768x432\/filters:format(webp):quality(85)\/cloudfront-us-east-1.images.arcpublishing.com\/infobae\/2O4WP7PMJZDG5BKOXRHLEFKAT4.jpg 768w,https:\/\/www.infobae.com\/new-resizer\/zBrJaqRA4Zc7N-JT6TWPsLQvEz4=\/992x558\/filters:format(webp):quality(85)\/cloudfront-us-east-1.images.arcpublishing.com\/infobae\/2O4WP7PMJZDG5BKOXRHLEFKAT4.jpg 992w,https:\/\/www.infobae.com\/new-resizer\/os3GsZOBPOkpnVF35CJ1NheX7s8=\/1200x675\/filters:format(webp):quality(85)\/cloudfront-us-east-1.images.arcpublishing.com\/infobae\/2O4WP7PMJZDG5BKOXRHLEFKAT4.jpg 1200w,https:\/\/www.infobae.com\/new-resizer\/952PEyi6rKi3kbJksMtskvk-ZXU=\/1440x810\/filters:format(webp):quality(85)\/cloudfront-us-east-1.images.arcpublishing.com\/infobae\/2O4WP7PMJZDG5BKOXRHLEFKAT4.jpg 1440w\" alt=\"La China Su\u00e1rez, Pampita y Benjam\u00edn Vicu\u00f1a, juntos en una misma foto\" width=\"1920\" height=\"1079\" data-src=\"https:\/\/www.infobae.com\/new-resizer\/njChp6n73mNevPl8hhQYl2UCfOM=\/arc-anglerfish-arc2-prod-infobae\/public\/2O4WP7PMJZDG5BKOXRHLEFKAT4.jpg\" \/><\/div>\n<p class=\"paragraph\" data-mrf-recirculation=\"Links inline\">Sobre las fotos que comparti\u00f3, la China dijo que es \u201cmostrar un pedacito\u201d de su familia.<b>\u00a0\u201cEs lindo eso, porque me pasa tambi\u00e9n con Nico (Cabr\u00e9), el pap\u00e1 de Rufi, que somos muy amigos.<\/b>\u00a0Creo que tiene que ser as\u00ed. Por los chicos, m\u00e1s que nada\u201d, se sincer\u00f3.<\/p>\n<p class=\"paragraph\" data-mrf-recirculation=\"Links inline\">En una entrevista reciente en<i>\u00a0Intrusos<\/i>, la esposa de<b>\u00a0Roberto Garc\u00eda Morit\u00e1n<\/b>\u00a0habl\u00f3 del v\u00ednculo con la actriz cuando Guido Zaffora, panelista del ciclo de Am\u00e9rica, indag\u00f3 por un video que se viraliz\u00f3 hace unos d\u00edas,\u00a0en el que la ex Casi \u00e1ngeles y sus asistentes hac\u00edan referencia en tono burl\u00f3n a dicha infidelidad<\/p>\n<div style=\"width: 480px;\" class=\"wp-video\"><video class=\"wp-video-shortcode\" id=\"video-99692-1\" width=\"480\" height=\"270\" preload=\"metadata\" controls=\"controls\"><source type=\"video\/mp4\" src=\"https:\/\/www.cordobatimes.com\/showup\/wp-content\/uploads\/2023\/07\/h5rwdNal-34105376.mp4?_=1\" \/><a href=\"https:\/\/www.cordobatimes.com\/showup\/wp-content\/uploads\/2023\/07\/h5rwdNal-34105376.mp4\">https:\/\/www.cordobatimes.com\/showup\/wp-content\/uploads\/2023\/07\/h5rwdNal-34105376.mp4<\/a><\/video><\/div>\n<p class=\"paragraph\" data-mrf-recirculation=\"Links inline\">. \u201cS\u00e9 que es un tema delicado, pero \u00bfviste el video? \u00bfTe molest\u00f3? \u00bfHiciste alguna reflexi\u00f3n? Porque hace un chiste con algo tan intenso como fue lo del motorhome, en ese momento&#8230;\u201d, pregunt\u00f3 el periodista.<\/p>\n<p class=\"paragraph\" data-mrf-recirculation=\"Links inline\">\u201c<b>Eugenia est\u00e1 incluida en mi familia<\/b>. Si va a casa tiene las puertas abiertas. No necesita invitaci\u00f3n, porque viene a traer a los hermanos de los chicos o viene a visitarlos\u201d, sostuvo la jurado de\u00a0<i>Los 8 Escalones<\/i>, sin querer entrar en pol\u00e9micas. \u201cHay una cosa que es la fantas\u00eda del afuera y otra c\u00f3mo vivimos nuestro d\u00eda a d\u00eda. Nosotras nos hablamos muy regularmente. Y Benjam\u00edn tambi\u00e9n, y\u00a0<i>Rober<\/i>\u00a0tambi\u00e9n. Hay mucha comunicaci\u00f3n\u201d, concluy\u00f3 Pampita, destacando el buen v\u00ednculo que tiene con la actriz.<\/p>\n","protected":false},"excerpt":{"rendered":"<p>Despu\u00e9s de el hist\u00f3rico momento que trascendi\u00f3 en el que la actriz, la modelo y Benjam\u00edn Vicu\u00f1a se mostraron juntos por primera vez, la actriz rompi\u00f3 el silencio en una entrevista. La China Su\u00e1rez y Pampita\u00a0se juntaron sorpresivamente en las \u00faltimas horas y compartieron la imagen en sus respectivas redes sociales. Desde hace algunos a\u00f1os, [&hellip;]<\/p>\n","protected":false},"author":1,"featured_media":99693,"comment_status":"closed","ping_status":"closed","sticky":false,"template":"","format":"standard","meta":{"_seopress_robots_primary_cat":"","_seopress_titles_title":"","_seopress_titles_desc":"","_seopress_robots_index":"","footnotes":""},"categories":[4],"tags":[37876,37878,37877],"class_list":{"0":"post-99692","1":"post","2":"type-post","3":"status-publish","4":"format-standard","5":"has-post-thumbnail","7":"category-famosos","8":"tag-china-suarez-pampita","9":"tag-china-suarez-pampita-benjamin-vicuna","10":"tag-china-suarez-pampita-cumpleanos"},"_links":{"self":[{"href":"https:\/\/www.cordobatimes.com\/showup\/wp-json\/wp\/v2\/posts\/99692","targetHints":{"allow":["GET"]}}],"collection":[{"href":"https:\/\/www.cordobatimes.com\/showup\/wp-json\/wp\/v2\/posts"}],"about":[{"href":"https:\/\/www.cordobatimes.com\/showup\/wp-json\/wp\/v2\/types\/post"}],"author":[{"embeddable":true,"href":"https:\/\/www.cordobatimes.com\/showup\/wp-json\/wp\/v2\/users\/1"}],"replies":[{"embeddable":true,"href":"https:\/\/www.cordobatimes.com\/showup\/wp-json\/wp\/v2\/comments?post=99692"}],"version-history":[{"count":0,"href":"https:\/\/www.cordobatimes.com\/showup\/wp-json\/wp\/v2\/posts\/99692\/revisions"}],"wp:featuredmedia":[{"embeddable":true,"href":"https:\/\/www.cordobatimes.com\/showup\/wp-json\/wp\/v2\/media\/99693"}],"wp:attachment":[{"href":"https:\/\/www.cordobatimes.com\/showup\/wp-json\/wp\/v2\/media?parent=99692"}],"wp:term":[{"taxonomy":"category","embeddable":true,"href":"https:\/\/www.cordobatimes.com\/showup\/wp-json\/wp\/v2\/categories?post=99692"},{"taxonomy":"post_tag","embeddable":true,"href":"https:\/\/www.cordobatimes.com\/showup\/wp-json\/wp\/v2\/tags?post=99692"}],"curies":[{"name":"wp","href":"https:\/\/api.w.org\/{rel}","templated":true}]}}