{"id":99689,"date":"2023-07-31T18:00:26","date_gmt":"2023-07-31T21:00:26","guid":{"rendered":"https:\/\/www.cordobatimes.com\/showup\/?p=99689"},"modified":"2023-07-31T18:00:26","modified_gmt":"2023-07-31T21:00:26","slug":"julieta-prandi-hizo-un-nuevo-pedido-en-la-batalla-judicial-contra-su-ex-marido-claudio-contardi","status":"publish","type":"post","link":"https:\/\/www.cordobatimes.com\/showup\/famosos\/2023\/07\/31\/julieta-prandi-hizo-un-nuevo-pedido-en-la-batalla-judicial-contra-su-ex-marido-claudio-contardi\/","title":{"rendered":"Julieta Prandi hizo un nuevo pedido en la batalla judicial contra  su ex marido Claudio Contardi"},"content":{"rendered":"<h3><strong>La conductora pidi\u00f3 una vez m\u00e1s que la justicia escuche sus reclamos en el d\u00eda en el que se abre la feria judicial.<\/strong><\/h3>\n<p class=\"paragraph\" data-mrf-recirculation=\"Links inline\"><b>Julieta Prandi\u00a0<\/b>contin\u00faa la batalla judicial contra su ex,\u00a0<b>Claudio Contardi<\/b>, a quien acusa de abuso sexual y violencia. Desde hace a\u00f1os, la conductora reclama que la justicia escuche sus reclamos, como el cumplimiento de las cuotas alimentarias que le corresponden a los hijos que tuvo con el empresario,\u00a0<b>Mateo y Rocco.<\/b><\/p>\n<div class=\"teads-adCall\"><\/div>\n<p class=\"paragraph\" data-mrf-recirculation=\"Links inline\"><b>\u201cHoy abre la feria judicial y una vuelve a rezar que la Justicia se despierte y deje de revictimizarnos una y otra vez<\/b>. Esperando que el Tribunal de Casaci\u00f3n, finalmente, rechace la apelaci\u00f3n n\u00famero mil de mi victimario y ponga fecha de juicio finalmente\u201d, escribi\u00f3 Julieta en un hilo de Twitter.<\/p>\n<div class=\"visual__image\"><img loading=\"lazy\" decoding=\"async\" class=\" lazyload\" src=\"https:\/\/www.infobae.com\/new-resizer\/xnvcETfanYAYcArgGiKVigvq4sY=\/arc-anglerfish-arc2-prod-infobae\/public\/PAO4WRB6ZNCSDGL32IKEEMMFEI.jpg\" sizes=\"auto, (min-width: 800px) 50vw, 90vw\" srcset=\"https:\/\/www.infobae.com\/new-resizer\/fmNnMKxlyn5Dq5_novXK7qmb838=\/992x606\/filters:format(webp):quality(85)\/cloudfront-us-east-1.images.arcpublishing.com\/infobae\/PAO4WRB6ZNCSDGL32IKEEMMFEI.jpg 992w\" alt=\"El reclamo de Julieta Prandi \" width=\"1920\" height=\"1118\" data-src=\"https:\/\/www.infobae.com\/new-resizer\/xnvcETfanYAYcArgGiKVigvq4sY=\/arc-anglerfish-arc2-prod-infobae\/public\/PAO4WRB6ZNCSDGL32IKEEMMFEI.jpg\" \/><\/div>\n<div class=\"inline ad-wrapper\">\n<div class=\"dfpAd ad-inline\">\n<div id=\"infobae\/teleshow\/nota\/inline\" class=\"infobae\/teleshow\/nota\/inline arcad\" data-google-query-id=\"CLydhLDquYADFQSjlQIdy40LMQ\">\n<div id=\"google_ads_iframe_\/1058609\/infobae\/teleshow\/nota\/inline_0__container__\"><iframe id=\"google_ads_iframe_\/1058609\/infobae\/teleshow\/nota\/inline_0\" tabindex=\"0\" title=\"3rd party ad content\" role=\"region\" name=\"google_ads_iframe_\/1058609\/infobae\/teleshow\/nota\/inline_0\" width=\"1\" height=\"1\" frameborder=\"0\" marginwidth=\"0\" marginheight=\"0\" scrolling=\"no\" aria-label=\"Advertisement\" data-load-complete=\"true\" data-google-container-id=\"9\" data-mce-fragment=\"1\"><\/iframe><\/div>\n<\/div>\n<\/div>\n<\/div>\n<p class=\"paragraph\" data-mrf-recirculation=\"Links inline\">\u201cLlevo casi 5 a\u00f1os desde que me tuve que ir de mi propia casa para protegerme a m\u00ed y a mis hijos. Luego padec\u00ed a un juez que lejos de hacer su tarea, defend\u00eda al violento. Ahora estoy en manos de otra jueza en el Juzgado 2 de San Isidro, que lleva meses con todo \u2018A despacho\u2019\u2026\u201d, explic\u00f3 la presentadora.<\/p>\n<p class=\"paragraph\" data-mrf-recirculation=\"Links inline\">\u201c\u2018<b>Cuota de alimentos\u2019. Se\u00f1ores, no es un favor, \u00a1es una obligaci\u00f3n! Pareciera que las mujeres somos las locas por reclamarla, debemos mantener todo solas<\/b>. Que la Justicia no haga nada cuando un padre debe a\u00f1os de cuota alimentaria es revictimizarnos. Total&#8230; que se ocupe la madre\u201d, se\u00f1al\u00f3 la pareja de Emanuel Ortega.<\/p>\n<p class=\"paragraph\" data-mrf-recirculation=\"Links inline\">\u201cTengo tanto \u2018A despacho\u2019 que no s\u00e9 por d\u00f3nde empezar\u2026 Bueno, empecemos porque hoy abre la feria y la Justicia dice \u2018Buenos D\u00edas\u2019, me pongo a trabajar todo esto que se me pas\u00f3 por alto. No quiero pensar mal, otra vez. Dra. Citraro tiene un mont\u00f3n de pendientes, la espero. Gracias\u201d, cerr\u00f3 Prandi.<\/p>\n<div class=\"visual__image\"><img loading=\"lazy\" decoding=\"async\" class=\" lazyload\" src=\"https:\/\/www.infobae.com\/new-resizer\/XcJZN961rP8fFUkIldt-CZUaemI=\/arc-anglerfish-arc2-prod-infobae\/public\/Z4SGDKPTVBDQ3LZT5P7UAXU76E.jpg\" sizes=\"auto, (min-width: 800px) 50vw, 90vw\" srcset=\"https:\/\/www.infobae.com\/new-resizer\/_l6W11UQZuZ6p2aEg1T-mBhHjyY=\/992x606\/filters:format(webp):quality(85)\/cloudfront-us-east-1.images.arcpublishing.com\/infobae\/Z4SGDKPTVBDQ3LZT5P7UAXU76E.jpg 992w\" alt=\"El reclamo de Julieta Prandi \" width=\"1920\" height=\"1184\" data-src=\"https:\/\/www.infobae.com\/new-resizer\/XcJZN961rP8fFUkIldt-CZUaemI=\/arc-anglerfish-arc2-prod-infobae\/public\/Z4SGDKPTVBDQ3LZT5P7UAXU76E.jpg\" \/><\/div>\n<div class=\"visual__image\"><img loading=\"lazy\" decoding=\"async\" class=\" lazyload\" src=\"https:\/\/www.infobae.com\/new-resizer\/RUS2MvLJIg_IZIOhleH8jVs7rd8=\/arc-anglerfish-arc2-prod-infobae\/public\/KDL3SEJPPVG65MD5TAQA2SBIG4.jpg\" sizes=\"auto, (min-width: 800px) 50vw, 90vw\" srcset=\"https:\/\/www.infobae.com\/new-resizer\/p2XeQc4utMVvDXNRqvxVTHba1iA=\/992x606\/filters:format(webp):quality(85)\/cloudfront-us-east-1.images.arcpublishing.com\/infobae\/KDL3SEJPPVG65MD5TAQA2SBIG4.jpg 992w\" alt=\"El reclamo de Julieta Prandi \" width=\"1920\" height=\"1184\" data-src=\"https:\/\/www.infobae.com\/new-resizer\/RUS2MvLJIg_IZIOhleH8jVs7rd8=\/arc-anglerfish-arc2-prod-infobae\/public\/KDL3SEJPPVG65MD5TAQA2SBIG4.jpg\" \/><\/div>\n<div class=\"visual__image\"><img loading=\"lazy\" decoding=\"async\" class=\" lazyload\" src=\"https:\/\/www.infobae.com\/new-resizer\/masIl8a6n5t_cCXpRRu2mUrjmKs=\/arc-anglerfish-arc2-prod-infobae\/public\/BZ7V4I4EMFFU3LEIPF6ITNBLN4.jpg\" sizes=\"auto, (min-width: 800px) 50vw, 90vw\" srcset=\"https:\/\/www.infobae.com\/new-resizer\/39ziR4wd39B-1X3JP4WugT8I8dE=\/992x606\/filters:format(webp):quality(85)\/cloudfront-us-east-1.images.arcpublishing.com\/infobae\/BZ7V4I4EMFFU3LEIPF6ITNBLN4.jpg 992w\" alt=\"El reclamo de Julieta Prandi \" width=\"1920\" height=\"1184\" data-src=\"https:\/\/www.infobae.com\/new-resizer\/masIl8a6n5t_cCXpRRu2mUrjmKs=\/arc-anglerfish-arc2-prod-infobae\/public\/BZ7V4I4EMFFU3LEIPF6ITNBLN4.jpg\" \/><\/div>\n<p class=\"paragraph\" data-mrf-recirculation=\"Links inline\">En octubre del 2022, la conductora hab\u00eda hablado en el ciclo<i>\u00a0Es por ah\u00ed\u00a0<\/i>(Am\u00e9rica) sobre\u00a0el informe psiqui\u00e1trico\u00a0del perito de parte en el que aseguraba que ella presentaba \u201cacentuados s\u00edntomas de angustia, ansiedad y labilidad emocional\u201d, y que adem\u00e1s destacaba \u201csentir culpa por no haber podido proteger a sus hijos del padecimiento que les gener\u00f3 su padre biol\u00f3gico\u201d.<\/p>\n<p class=\"paragraph\" data-mrf-recirculation=\"Links inline\">\u201cSon denuncias que ven\u00eda haciendo hace mucho tiempo y ahora, desde que entr\u00f3 al \u00e1mbito legal de mi vida el se\u00f1or\u00a0<b>Fernando Burlando<\/b>\u00a0con su equipo, ha virado un poco la causa por suerte, se est\u00e1 vislumbrando un poquito de luz, hay novedades.\u00a0Estoy sensibilizada por supuesto, estoy como puedo, pero estoy muy entera tambi\u00e9n y confiada de que se va a hacer justicia\u201d, destac\u00f3 Julieta.<\/p>\n<p class=\"paragraph\" data-mrf-recirculation=\"Links inline\">\u201c<b>Es un hecho sumamente traum\u00e1tico. Fueron muchos a\u00f1os de mi vida, hay dos a\u00f1os espec\u00edficamente que son los que yo denuncio, que fueron los m\u00e1s fuertes de violencia, pero para m\u00ed es un d\u00eda a d\u00eda, una lucha constante<\/b>, un reiniciarme y reconstruirme todos los d\u00edas y tengo que luchar con eso, como todas las mujeres que han atravesado violencia o alg\u00fan tipo de abuso\u201d, agreg\u00f3.<\/p>\n<p class=\"paragraph\" data-mrf-recirculation=\"Links inline\"><b>\u201cMe fui amenazada de muerte de mi casa.\u00a0<\/b>Creo que la verdad va a salir a la luz, en alg\u00fan momento sale, y por suerte la Justicia empez\u00f3 a escuchar y a hacer su trabajo, que es gracias Fernando y su equipo. No es algo que yo denunci\u00e9 ayer, es algo que vengo denunciado desde que me fui de mi casa y lamentablemente no fue o\u00eddo, como tantas otras cosas, que supongo que van a ir encontrando su cauce y se van a ir reordenando\u201d, finaliz\u00f3.<\/p>\n","protected":false},"excerpt":{"rendered":"<p>La conductora pidi\u00f3 una vez m\u00e1s que la justicia escuche sus reclamos en el d\u00eda en el que se abre la feria judicial. Julieta Prandi\u00a0contin\u00faa la batalla judicial contra su ex,\u00a0Claudio Contardi, a quien acusa de abuso sexual y violencia. Desde hace a\u00f1os, la conductora reclama que la justicia escuche sus reclamos, como el cumplimiento [&hellip;]<\/p>\n","protected":false},"author":1,"featured_media":99690,"comment_status":"closed","ping_status":"closed","sticky":false,"template":"","format":"standard","meta":{"_seopress_robots_primary_cat":"","_seopress_titles_title":"","_seopress_titles_desc":"","_seopress_robots_index":"","footnotes":""},"categories":[4],"tags":[25377,37875],"class_list":{"0":"post-99689","1":"post","2":"type-post","3":"status-publish","4":"format-standard","5":"has-post-thumbnail","7":"category-famosos","8":"tag-julieta-prandi-claudio-contardi","9":"tag-julieta-prandi-claudio-contardi-batalla-judicial"},"_links":{"self":[{"href":"https:\/\/www.cordobatimes.com\/showup\/wp-json\/wp\/v2\/posts\/99689","targetHints":{"allow":["GET"]}}],"collection":[{"href":"https:\/\/www.cordobatimes.com\/showup\/wp-json\/wp\/v2\/posts"}],"about":[{"href":"https:\/\/www.cordobatimes.com\/showup\/wp-json\/wp\/v2\/types\/post"}],"author":[{"embeddable":true,"href":"https:\/\/www.cordobatimes.com\/showup\/wp-json\/wp\/v2\/users\/1"}],"replies":[{"embeddable":true,"href":"https:\/\/www.cordobatimes.com\/showup\/wp-json\/wp\/v2\/comments?post=99689"}],"version-history":[{"count":0,"href":"https:\/\/www.cordobatimes.com\/showup\/wp-json\/wp\/v2\/posts\/99689\/revisions"}],"wp:featuredmedia":[{"embeddable":true,"href":"https:\/\/www.cordobatimes.com\/showup\/wp-json\/wp\/v2\/media\/99690"}],"wp:attachment":[{"href":"https:\/\/www.cordobatimes.com\/showup\/wp-json\/wp\/v2\/media?parent=99689"}],"wp:term":[{"taxonomy":"category","embeddable":true,"href":"https:\/\/www.cordobatimes.com\/showup\/wp-json\/wp\/v2\/categories?post=99689"},{"taxonomy":"post_tag","embeddable":true,"href":"https:\/\/www.cordobatimes.com\/showup\/wp-json\/wp\/v2\/tags?post=99689"}],"curies":[{"name":"wp","href":"https:\/\/api.w.org\/{rel}","templated":true}]}}