{"id":99686,"date":"2023-07-31T13:22:23","date_gmt":"2023-07-31T16:22:23","guid":{"rendered":"https:\/\/www.cordobatimes.com\/showup\/?p=99686"},"modified":"2023-07-31T13:22:23","modified_gmt":"2023-07-31T16:22:23","slug":"more-rial-demandara-a-angel-de-brito-y-jorge-lanata","status":"publish","type":"post","link":"https:\/\/www.cordobatimes.com\/showup\/famosos\/2023\/07\/31\/more-rial-demandara-a-angel-de-brito-y-jorge-lanata\/","title":{"rendered":"More Rial demandar\u00e1 a \u00c1ngel de Brito y Jorge Lanata"},"content":{"rendered":"<h3><strong>Alejandro Cipolla cont\u00f3 que iniciar\u00e1 acciones legales contra los periodistas por insinuar que la hija de Jorge Rial particip\u00f3 del robo en LAM.<\/strong><\/h3>\n<p>Morena Rial\u00a0visit\u00f3 LAM (Am\u00e9rica) semanas atr\u00e1s y\u00a0qued\u00f3 en la mira por\u00a0el robo que sufrieron M\u00f3nica Farro, Marcela Feudale y Estefi Berardi en los camarines. Luego del revuelo y tras ser acusada de cometer el delito, la hija mayor de Jorge Rial decidi\u00f3 demandar a\u00a0\u00c1ngel de Brito\u00a0y\u00a0Jorge Lanata.<\/p>\n<p>El s\u00e1bado 29 de julio,\u00a0Alejandro Cipolla, el abogado de\u00a0Morena Rial, habl\u00f3 con\u00a0L\u00edo Pecoraro\u00a0y\u00a0Fernando Piaggio\u00a0en\u00a0El Run Run del Espect\u00e1culo\u00a0(Cr\u00f3nica) y dio detalles sobre la decisi\u00f3n de\u00a0querellar a los periodista por insinuar que la joven rob\u00f3 en LAM.<\/p>\n<p>\u00abLanata dijo que es una extorsionadora, por lo que vamos a iniciar tanto en la ciudad hostigamiento, como en naci\u00f3n da\u00f1os y perjuicios,\u00a0eso es en la v\u00eda civil, y vamos a presentar una querella penal por calumnias e injurias tambi\u00e9n\u00bb, cont\u00f3 Cipolla.<\/p>\n<p>En el programa pasaron un fragmento de los dichos de Jorge Lanata y \u00c1ngel de Brito\u00a0sobre Morena en Radio Mitre, y el abogado expres\u00f3: \u00abVamos a iniciar acciones legales contra los dos. Morena me ven\u00eda pidiendo que iniciara acciones legales contra LAM. Lo veo viable y ganable.\u00a0A los dos los voy a querellar penalmente por calumnias e injurias y conforme al resultados, si terminan condenados, los demandar\u00e9 por da\u00f1os y perjuicios, lo puedo hacer en conjunto, pero me gusta arrancar con naci\u00f3n\u00bb.<\/p>\n<p>\u00abReci\u00e9n le coment\u00e9 a Morena por WhatsApp y\u00a0me confirm\u00f3 que iniciar\u00e1 acciones legales contra De Brito. Hicieron un reality de un robo\u00bb, manifest\u00f3 Alejandro.<\/p>\n<p>Si bien\u00a0\u00c1ngel de Brito\u00a0a\u00fan no se explay\u00f3 sobre el tema,\u00a0reaccion\u00f3 ir\u00f3nico en Twitter al enterarse de la demanda que le iniciar\u00e1 la hija de Jorge Rial.\u00a0\u00abDrama #LAM\u00bb, escribi\u00f3 citando un tuit. \u00abMir\u00e1, Angelito. Tanto defenderla y la cabeza de termo act\u00faa as\u00ed\u00bb, le plante\u00f3 un usuario. \u00abEstoy acostumbrado\u00bb, sentenci\u00f3 el conductor.<\/p>\n","protected":false},"excerpt":{"rendered":"<p>Alejandro Cipolla cont\u00f3 que iniciar\u00e1 acciones legales contra los periodistas por insinuar que la hija de Jorge Rial particip\u00f3 del robo en LAM. Morena Rial\u00a0visit\u00f3 LAM (Am\u00e9rica) semanas atr\u00e1s y\u00a0qued\u00f3 en la mira por\u00a0el robo que sufrieron M\u00f3nica Farro, Marcela Feudale y Estefi Berardi en los camarines. Luego del revuelo y tras ser acusada de [&hellip;]<\/p>\n","protected":false},"author":1,"featured_media":99687,"comment_status":"closed","ping_status":"closed","sticky":false,"template":"","format":"standard","meta":{"_seopress_robots_primary_cat":"","_seopress_titles_title":"","_seopress_titles_desc":"","_seopress_robots_index":"","footnotes":""},"categories":[4],"tags":[37874,37873,37201],"class_list":{"0":"post-99686","1":"post","2":"type-post","3":"status-publish","4":"format-standard","5":"has-post-thumbnail","7":"category-famosos","8":"tag-angel-de-brito-y-jorge-lanata-demanda-morena-rial","9":"tag-more-rial-angel-de-brito","10":"tag-more-rial-jorge-lanata"},"_links":{"self":[{"href":"https:\/\/www.cordobatimes.com\/showup\/wp-json\/wp\/v2\/posts\/99686","targetHints":{"allow":["GET"]}}],"collection":[{"href":"https:\/\/www.cordobatimes.com\/showup\/wp-json\/wp\/v2\/posts"}],"about":[{"href":"https:\/\/www.cordobatimes.com\/showup\/wp-json\/wp\/v2\/types\/post"}],"author":[{"embeddable":true,"href":"https:\/\/www.cordobatimes.com\/showup\/wp-json\/wp\/v2\/users\/1"}],"replies":[{"embeddable":true,"href":"https:\/\/www.cordobatimes.com\/showup\/wp-json\/wp\/v2\/comments?post=99686"}],"version-history":[{"count":0,"href":"https:\/\/www.cordobatimes.com\/showup\/wp-json\/wp\/v2\/posts\/99686\/revisions"}],"wp:featuredmedia":[{"embeddable":true,"href":"https:\/\/www.cordobatimes.com\/showup\/wp-json\/wp\/v2\/media\/99687"}],"wp:attachment":[{"href":"https:\/\/www.cordobatimes.com\/showup\/wp-json\/wp\/v2\/media?parent=99686"}],"wp:term":[{"taxonomy":"category","embeddable":true,"href":"https:\/\/www.cordobatimes.com\/showup\/wp-json\/wp\/v2\/categories?post=99686"},{"taxonomy":"post_tag","embeddable":true,"href":"https:\/\/www.cordobatimes.com\/showup\/wp-json\/wp\/v2\/tags?post=99686"}],"curies":[{"name":"wp","href":"https:\/\/api.w.org\/{rel}","templated":true}]}}