{"id":99678,"date":"2023-07-29T08:49:50","date_gmt":"2023-07-29T11:49:50","guid":{"rendered":"https:\/\/www.cordobatimes.com\/showup\/?p=99678"},"modified":"2023-07-29T08:51:57","modified_gmt":"2023-07-29T11:51:57","slug":"la-desagradable-actitud-de-juan-di-natale-en-una-nota-con-lam","status":"publish","type":"post","link":"https:\/\/www.cordobatimes.com\/showup\/tv\/2023\/07\/29\/la-desagradable-actitud-de-juan-di-natale-en-una-nota-con-lam\/","title":{"rendered":"La desagradable actitud de Juan di Natale en una nota con LAM"},"content":{"rendered":"<h3><strong>El conductor sac\u00f3 chapa, los mand\u00f3 a hacer un programa mejor.<\/strong><\/h3>\n<p>En medio del revuelvo por la furia de\u00a0Elizabeth Vernaci\u00a0en radio POP, desde\u00a0LAM (Am\u00e9rica)\u00a0quisieron consultarle sobre el tema a su compa\u00f1ero en televisi\u00f3n, Juan Di Natale, y el mismo mostr\u00f3 una particular actitud durante toda la nota.<\/p>\n<p>\u00abTe agradezco mucho pero no me subo a ninguna pol\u00e9mica\u201d, sentenci\u00f3 Di Natale cuando se acercaron las c\u00e1maras del programa conducido por \u00c1ngel de Brito.\u00a0\u00ab\u00bfTodo mal con LAM?\u00bb, sugiri\u00f3 entonces el cronista.<\/p>\n<p>\u00abNo. Pero no me interesa\u00bb, asegur\u00f3 el periodista y entonces el movilero Alejandro Castelo sigui\u00f3:\u00a0\u00abTe preguntaba, como hombre de radio hoy, por la repercusi\u00f3n, no de la Negra en s\u00cd, pero la repercusi\u00f3n en lo medi\u00e1tico&#8230;\u00bb<\/p>\n<p>\u00abTe contesto, no me interesa sumarme a ninguna pol\u00e9mica. Me parece que es pat\u00e9tico que est\u00e9n una semana haciendo contenido con esto. Me parece lamentable. Creo que pueden hacer m\u00e1s que esto, que pueden subir la vara. \u00a1Buena suerte!\u00bb,\u00a0dispar\u00f3 Juan.<\/p>\n<p>En ese sentido, Castelo decidi\u00f3 redoblar la apuesta y sostuvo:\u00a0\u00abYo te he visto en Sobredosis de Tv (C5N) haciendo muchas humoradas e ir bajando tu l\u00ednea. De hecho en los informes que presentas a veces hay espect\u00e1culos\u2026por eso me llama la atenci\u00f3n lo de que &#8216;pueden subir la vara&#8217;\u201d.<\/p>\n<p>Me refiero a que me parece que no tiene sentido estar hablando una semana de un problema t\u00e9cnico en un programa de radio. Yo soy un conductor de un programa que comenta informes de archivo, no edito y no hago el corte editorial\u00bb,\u00a0contest\u00f3 el ex CQC.<\/p>\n<p>En ese momento, tras el tenso ida y vuelta, Di Natale desliz\u00f3: \u201cEstoy haciendo lo que no quer\u00eda hacer por tu insistencia\u201d.<\/p>\n<p>\u201cEl tema es que entendamos que todos somos personas. Me parece que a veces hay gente subida a un pony imaginario y se cree m\u00e1s que los dem\u00e1s. Al final somos todos iguales\u201d,\u00a0cerr\u00f3.<\/p>\n<blockquote class=\"twitter-tweet\">\n<p lang=\"es\" dir=\"ltr\">\ud83d\udca5 Juan Di Natale enfurecido con <a href=\"https:\/\/twitter.com\/hashtag\/LAM?src=hash&amp;ref_src=twsrc%5Etfw\">#LAM<\/a> por el esc\u00e1ndalo de La Negra Vernaci<\/p>\n<p>\ud83d\udcac \u201cNo quiero sumarme a una pol\u00e9mica\u201d.<\/p>\n<p>\ud83d\udcac \u201cMe parece pat\u00e9tico que hagan contenido una semana con esto\u201d.<\/p>\n<p>Cc <a href=\"https:\/\/twitter.com\/hashtag\/LAM?src=hash&amp;ref_src=twsrc%5Etfw\">#LAM<\/a> en Am\u00e9rica TV \ud83d\udcfa <a href=\"https:\/\/twitter.com\/elejercitodelam?ref_src=twsrc%5Etfw\">@elejercitodelam<\/a> <a href=\"https:\/\/twitter.com\/AngeldebritoOk?ref_src=twsrc%5Etfw\">@AngeldebritoOk<\/a> <a href=\"https:\/\/t.co\/1OQtj9iIew\">pic.twitter.com\/1OQtj9iIew<\/a><\/p>\n<p>&mdash; Am\u00e9rica TV (@AmericaTV) <a href=\"https:\/\/twitter.com\/AmericaTV\/status\/1685081764732010496?ref_src=twsrc%5Etfw\">July 29, 2023<\/a><\/p><\/blockquote>\n<p> <script async src=\"https:\/\/platform.twitter.com\/widgets.js\" charset=\"utf-8\"><\/script><\/p>\n","protected":false},"excerpt":{"rendered":"<p>El conductor sac\u00f3 chapa, los mand\u00f3 a hacer un programa mejor. En medio del revuelvo por la furia de\u00a0Elizabeth Vernaci\u00a0en radio POP, desde\u00a0LAM (Am\u00e9rica)\u00a0quisieron consultarle sobre el tema a su compa\u00f1ero en televisi\u00f3n, Juan Di Natale, y el mismo mostr\u00f3 una particular actitud durante toda la nota. \u00abTe agradezco mucho pero no me subo a [&hellip;]<\/p>\n","protected":false},"author":1,"featured_media":99679,"comment_status":"closed","ping_status":"closed","sticky":false,"template":"","format":"standard","meta":{"_seopress_robots_primary_cat":"","_seopress_titles_title":"","_seopress_titles_desc":"","_seopress_robots_index":"","footnotes":""},"categories":[2],"tags":[37869,37870],"class_list":{"0":"post-99678","1":"post","2":"type-post","3":"status-publish","4":"format-standard","5":"has-post-thumbnail","7":"category-tv","8":"tag-desagradable-actitud-de-juan-di-natale","9":"tag-juan-di-natale-en-una-nota-con-lam"},"_links":{"self":[{"href":"https:\/\/www.cordobatimes.com\/showup\/wp-json\/wp\/v2\/posts\/99678","targetHints":{"allow":["GET"]}}],"collection":[{"href":"https:\/\/www.cordobatimes.com\/showup\/wp-json\/wp\/v2\/posts"}],"about":[{"href":"https:\/\/www.cordobatimes.com\/showup\/wp-json\/wp\/v2\/types\/post"}],"author":[{"embeddable":true,"href":"https:\/\/www.cordobatimes.com\/showup\/wp-json\/wp\/v2\/users\/1"}],"replies":[{"embeddable":true,"href":"https:\/\/www.cordobatimes.com\/showup\/wp-json\/wp\/v2\/comments?post=99678"}],"version-history":[{"count":0,"href":"https:\/\/www.cordobatimes.com\/showup\/wp-json\/wp\/v2\/posts\/99678\/revisions"}],"wp:featuredmedia":[{"embeddable":true,"href":"https:\/\/www.cordobatimes.com\/showup\/wp-json\/wp\/v2\/media\/99679"}],"wp:attachment":[{"href":"https:\/\/www.cordobatimes.com\/showup\/wp-json\/wp\/v2\/media?parent=99678"}],"wp:term":[{"taxonomy":"category","embeddable":true,"href":"https:\/\/www.cordobatimes.com\/showup\/wp-json\/wp\/v2\/categories?post=99678"},{"taxonomy":"post_tag","embeddable":true,"href":"https:\/\/www.cordobatimes.com\/showup\/wp-json\/wp\/v2\/tags?post=99678"}],"curies":[{"name":"wp","href":"https:\/\/api.w.org\/{rel}","templated":true}]}}