{"id":99661,"date":"2023-07-28T20:32:47","date_gmt":"2023-07-28T23:32:47","guid":{"rendered":"https:\/\/www.cordobatimes.com\/showup\/?p=99661"},"modified":"2023-07-28T20:32:47","modified_gmt":"2023-07-28T23:32:47","slug":"maju-lozano-conto-que-le-diagnosticaron-autismo","status":"publish","type":"post","link":"https:\/\/www.cordobatimes.com\/showup\/tv\/2023\/07\/28\/maju-lozano-conto-que-le-diagnosticaron-autismo\/","title":{"rendered":"Maju Lozano cont\u00f3 que le diagnosticaron autismo"},"content":{"rendered":"<h3><strong>En su despedida de Todas las tardes, el ciclo que conduc\u00eda en El Nueve, asegur\u00f3 que su vida cambi\u00f3 al saber -semanas atr\u00e1s y a sus 51 a\u00f1os- que tiene esta condici\u00f3n.<\/strong><\/h3>\n<p class=\"paragraph\" data-mrf-recirculation=\"Links inline\">Este viernes\u00a0<b>Maju Lozano<\/b>\u00a0se despidi\u00f3 del ciclo<b>\u00a0<\/b><i><b>Todas las tardes<\/b><\/i>\u00a0(El Nueve) luego de siete temporadas. La conductora\u00a0ya hab\u00eda confirmado a comienzos de la semana su salida del programa\u00a0para buscar un nuevo rumbo en su carrera en los medios de comunicaci\u00f3n. \u201cEste es un d\u00eda particular, hermoso, estoy un poco nerviosa\u201d, admiti\u00f3 en el arranque del programa que seguir\u00e1 con\u00a0<b>Nara Ferragut<\/b>\u00a0Adem\u00e1s, explic\u00f3 que desde el a\u00f1o pasado empez\u00f3 a sentir que ya hab\u00eda cumplido un ciclo y deb\u00eda dar un paso al costado.<\/p>\n<p class=\"paragraph\" data-mrf-recirculation=\"Links inline\">\u201c<b>Soy una persona extremadamente sensible y muchos de los temas que pasaron por\u00a0<\/b><i><b>Todas las tardes<\/b><\/i><b>\u00a0me estaban afectando demasiado y llevando puesta.\u00a0<\/b>Me estaban llevando hacia un lugar que yo no quiero recorrer y que no me siento identificada. A m\u00ed me gusta hacer humor, siento que ya no estaba siendo feliz\u201d, explic\u00f3 Maju, y reconoci\u00f3 que esta angustia era tan grande que llegaba a su casa llorando.<\/p>\n<p class=\"paragraph\" data-mrf-recirculation=\"Links inline\">En este contexto, la presentadora se emocion\u00f3 al contar que desde hace a\u00f1os est\u00e1 buscando respuestas para entenderse mejor a s\u00ed misma. \u201cHace un tiempo muy largo vengo transitando un momento personal.\u00a0<b>No quiero llorar porque no es algo triste<\/b>, es algo que gracias a Dios\u00a0<b>trajo mucho alivio a mi vida<\/b>, a la de mis amigos y mi familia\u201d.<\/p>\n<p class=\"paragraph\" data-mrf-recirculation=\"Links inline\">\u201cEn un momento pens\u00e9 que era adoptada -dijo, conmovida-. Desde que era muy chica sent\u00ed que era un mundo en el que yo no pertenec\u00eda, que no hab\u00eda grupos en los que yo me identificaba.<b>\u00a0Me suced\u00edan cosas que no entend\u00eda, como no tolerar el color rojo, no poder comer frutillas, no poder comer ar\u00e1ndanos, no poder ponerme ropa roja<\/b>\u201d.<\/p>\n<p class=\"paragraph\" data-mrf-recirculation=\"Links inline\">Finalmente lleg\u00f3 el d\u00eda en el que los m\u00e9dicos le dieron un diagnostico preciso: \u201cEl 5 de mayo es el d\u00eda de mi nuevo cumplea\u00f1os como me dijo mi terapeuta. Tuve el gran alivio porque para m\u00ed solo fue felicidad, alivio y entendimiento comprender que todo esto que ven\u00eda sintiendo ten\u00eda una explicaci\u00f3n\u201d.<\/p>\n<p class=\"paragraph\" data-mrf-recirculation=\"Links inline\">\u201c<b>Fui diagnosticada de autista. Soy autista. Para m\u00ed fue volver a nacer, reconstruir 51 a\u00f1os de dudas, de buscar explicaciones donde no las hab\u00eda<\/b>.\u00a0<b>No quiero explicar el autismo, es algo que todav\u00eda estoy aprendiendo<\/b>. Me parece que lo m\u00e1s importante es que\u00a0<b>ya no estoy m\u00e1s rota, siempre me sent\u00ed una persona rota<\/b>\u201d, asegur\u00f3 la conductora,<\/p>\n<p class=\"paragraph\" data-mrf-recirculation=\"Links inline\">Maju se\u00f1al\u00f3 que todo recobr\u00f3 sentido en su vida al poder entender qu\u00e9 era lo que estaba sintiendo durante a\u00f1os. Fiel a su estilo, hizo una broma para ponerle una cuota de humor a su relato: \u201cAhora entiendo que no voy a comer frutillas no porque soy una loca de mierda, sino porque no soporto las texturas de las frutillas, algunos sonidos o luces\u201d.<\/p>\n<p class=\"paragraph\" data-mrf-recirculation=\"Links inline\">Luego aclar\u00f3 que decidi\u00f3 hacer p\u00fablico su diagnostico con el objetivo de desmitificar prejuicios sobre el autismo. \u201cEs una condici\u00f3n y es un espectro.<b>\u00a0Lo cuento porque siempre fui sincera y me parece que desde mi lugar puedo ayudar a alguien a despejar dudas. Aunque no soy abanderada nada, apenas puedo con mi vida&#8230;<\/b>\u201d.<\/p>\n<p class=\"paragraph\" data-mrf-recirculation=\"Links inline\">En el final, Lozano dio a conocer una emotiva an\u00e9cdota relacionada a su hijo: \u201cCuando me junt\u00e9 con Joaqu\u00edn, \u00e9l ya lo sab\u00eda.\u00a0<b>Me dijo: \u2018Mami, vos sos re distinta a las mam\u00e1s del cole, \u00a1y a m\u00ed me encanta!\u2019<\/b>. A m\u00ed me encanta que a \u00e9l le encante. Estamos todos aprendiendo, recibiendo alivio.\u00a0<b>Hay d\u00edas que no pasa nada y hay d\u00edas que me duele que me toquen, que me miren<\/b>. Pero siempre estoy desde un lugar de gratitud. Es importante saber de d\u00f3nde uno viene, tener explicaciones a un mont\u00f3n de cosas, es algo que nos merecemos todos\u201d.<\/p>\n<div style=\"width: 320px;\" class=\"wp-video\"><video class=\"wp-video-shortcode\" id=\"video-99661-1\" width=\"320\" height=\"180\" preload=\"metadata\" controls=\"controls\"><source type=\"video\/mp4\" src=\"https:\/\/www.cordobatimes.com\/showup\/wp-content\/uploads\/2023\/07\/VwJkT94k-34105375.mp4?_=1\" \/><a href=\"https:\/\/www.cordobatimes.com\/showup\/wp-content\/uploads\/2023\/07\/VwJkT94k-34105375.mp4\">https:\/\/www.cordobatimes.com\/showup\/wp-content\/uploads\/2023\/07\/VwJkT94k-34105375.mp4<\/a><\/video><\/div>\n","protected":false},"excerpt":{"rendered":"<p>En su despedida de Todas las tardes, el ciclo que conduc\u00eda en El Nueve, asegur\u00f3 que su vida cambi\u00f3 al saber -semanas atr\u00e1s y a sus 51 a\u00f1os- que tiene esta condici\u00f3n. Este viernes\u00a0Maju Lozano\u00a0se despidi\u00f3 del ciclo\u00a0Todas las tardes\u00a0(El Nueve) luego de siete temporadas. La conductora\u00a0ya hab\u00eda confirmado a comienzos de la semana su [&hellip;]<\/p>\n","protected":false},"author":1,"featured_media":99662,"comment_status":"closed","ping_status":"closed","sticky":false,"template":"","format":"standard","meta":{"_seopress_robots_primary_cat":"","_seopress_titles_title":"","_seopress_titles_desc":"","_seopress_robots_index":"","footnotes":""},"categories":[2],"tags":[37863,37809,37864],"class_list":{"0":"post-99661","1":"post","2":"type-post","3":"status-publish","4":"format-standard","5":"has-post-thumbnail","7":"category-tv","8":"tag-maju-lozano-autismo","9":"tag-maju-lozano-el-nueve","10":"tag-maju-lozano-todas-las-tardes"},"_links":{"self":[{"href":"https:\/\/www.cordobatimes.com\/showup\/wp-json\/wp\/v2\/posts\/99661","targetHints":{"allow":["GET"]}}],"collection":[{"href":"https:\/\/www.cordobatimes.com\/showup\/wp-json\/wp\/v2\/posts"}],"about":[{"href":"https:\/\/www.cordobatimes.com\/showup\/wp-json\/wp\/v2\/types\/post"}],"author":[{"embeddable":true,"href":"https:\/\/www.cordobatimes.com\/showup\/wp-json\/wp\/v2\/users\/1"}],"replies":[{"embeddable":true,"href":"https:\/\/www.cordobatimes.com\/showup\/wp-json\/wp\/v2\/comments?post=99661"}],"version-history":[{"count":0,"href":"https:\/\/www.cordobatimes.com\/showup\/wp-json\/wp\/v2\/posts\/99661\/revisions"}],"wp:featuredmedia":[{"embeddable":true,"href":"https:\/\/www.cordobatimes.com\/showup\/wp-json\/wp\/v2\/media\/99662"}],"wp:attachment":[{"href":"https:\/\/www.cordobatimes.com\/showup\/wp-json\/wp\/v2\/media?parent=99661"}],"wp:term":[{"taxonomy":"category","embeddable":true,"href":"https:\/\/www.cordobatimes.com\/showup\/wp-json\/wp\/v2\/categories?post=99661"},{"taxonomy":"post_tag","embeddable":true,"href":"https:\/\/www.cordobatimes.com\/showup\/wp-json\/wp\/v2\/tags?post=99661"}],"curies":[{"name":"wp","href":"https:\/\/api.w.org\/{rel}","templated":true}]}}