{"id":99655,"date":"2023-07-28T12:02:06","date_gmt":"2023-07-28T15:02:06","guid":{"rendered":"https:\/\/www.cordobatimes.com\/showup\/?p=99655"},"modified":"2023-07-28T12:02:06","modified_gmt":"2023-07-28T15:02:06","slug":"cinthia-fernandez-acorralo-a-andres-nara-el-negro-gonzalez-oro-la-callo-y-ella-abandono-el-piso","status":"publish","type":"post","link":"https:\/\/www.cordobatimes.com\/showup\/tv\/2023\/07\/28\/cinthia-fernandez-acorralo-a-andres-nara-el-negro-gonzalez-oro-la-callo-y-ella-abandono-el-piso\/","title":{"rendered":"Cinthia Fern\u00e1ndez acorral\u00f3 a Andr\u00e9s Nara, el Negro Gonz\u00e1lez Oro la call\u00f3 y ella abandon\u00f3 el piso"},"content":{"rendered":"<h3><strong>Todo empez\u00f3 cuando, la ma\u00f1ana de este viernes,\u00a0Andr\u00e9s Nara\u00a0visit\u00f3 el piso de Nosotros a la ma\u00f1ana. Como era de esperarse, lo primero que le preguntaron los panelistas fue por su hija\u00a0Wanda Nara.<\/strong><\/h3>\n<p>Mientras hablaba sobre sus nietos,\u00a0Cinthia Fern\u00e1dez lo increp\u00f3 y le dijo que no deber\u00eda seguir hablando sobre su hija\u00a0en la televisi\u00f3n. El tono de la conversaci\u00f3n lleg\u00f3 hasta tal punto que\u00a0ella termin\u00f3 por tildarlo de \u00abdesubicado\u00bb.<\/p>\n<p>Tras escuchar esto, el\u00a0Negro Gonz\u00e1lez Oro, el conductor del ciclo,\u00a0le pidi\u00f3 a la panelista que se callara\u00a0para que pudiera hacer una pregunta\u00a0Ximena Capristo.<\/p>\n<p>Nuevamente,\u00a0Fern\u00e1ndez\u00a0acus\u00f3 al conductor de querer callarla\u00a0y, muy enojada,\u00a0se retir\u00f3 del piso al grito de \u00abestoy harta\u00bb. Inc\u00f3modo,\u00a0Gonz\u00e1lez Oro aclar\u00f3 que no pod\u00eda dejar que gritara porque \u00abno se entend\u00eda nada\u00bb. \u00abEsto es un programa de televisi\u00f3n, tenemos que hablar de a uno\u00bb, se quej\u00f3.<\/p>\n<p><iframe loading=\"lazy\" title=\"YouTube video player\" src=\"https:\/\/www.youtube.com\/embed\/Tq_SsX3R8qk\" width=\"560\" height=\"315\" frameborder=\"0\" allowfullscreen=\"allowfullscreen\"><\/iframe><\/p>\n<p>Finalmente, luego de un breve corte, Cinthia volvi\u00f3 a ocupar su silla pero se qued\u00f3 callada y mirando su celular. Acerc\u00e1ndose a ella, el conductor le dijo: \u00abTodos tienen derecho a preguntar pero en orden. Pod\u00e9s decir lo que se te de la gana\u00bb.<\/p>\n<p>\u00abNo me creo desordenada. Soy una laburante. No soy la mejor, ni soy la peor. Est\u00e1bamos debatiendo algo que estaba pasando ac\u00e1. Me gustar\u00eda de vos otros tratos, otras frenadas. Prefiero llorar, antes de putear\u00bb, le respondi\u00f3 angustiada Fern\u00e1ndez.<\/p>\n<p><iframe loading=\"lazy\" title=\"YouTube video player\" src=\"https:\/\/www.youtube.com\/embed\/VNzLN4b7UKU\" width=\"560\" height=\"315\" frameborder=\"0\" allowfullscreen=\"allowfullscreen\"><\/iframe><\/p>\n<blockquote class=\"twitter-tweet\">\n<p dir=\"ltr\" lang=\"es\">Te banco \u2066<a href=\"https:\/\/twitter.com\/cinthifernandez?ref_src=twsrc%5Etfw\">@cinthifernandez<\/a>\u2069 ! Jam\u00e1s en tres a\u00f1os de <a href=\"https:\/\/twitter.com\/hashtag\/LAM?src=hash&amp;ref_src=twsrc%5Etfw\">#LAM<\/a> fue despe\u00f1ada o desobediente ni desubicada. <a href=\"https:\/\/t.co\/G3zxOIJkxB\">pic.twitter.com\/G3zxOIJkxB<\/a><\/p>\n<p>\u2014 ANGEL (@AngeldebritoOk) <a href=\"https:\/\/twitter.com\/AngeldebritoOk\/status\/1684936998048464897?ref_src=twsrc%5Etfw\">July 28, 2023<\/a><\/p><\/blockquote>\n<p><script async src=\"https:\/\/platform.twitter.com\/widgets.js\" charset=\"utf-8\"><\/script><\/p>\n","protected":false},"excerpt":{"rendered":"<p>Todo empez\u00f3 cuando, la ma\u00f1ana de este viernes,\u00a0Andr\u00e9s Nara\u00a0visit\u00f3 el piso de Nosotros a la ma\u00f1ana. Como era de esperarse, lo primero que le preguntaron los panelistas fue por su hija\u00a0Wanda Nara. Mientras hablaba sobre sus nietos,\u00a0Cinthia Fern\u00e1dez lo increp\u00f3 y le dijo que no deber\u00eda seguir hablando sobre su hija\u00a0en la televisi\u00f3n. El tono [&hellip;]<\/p>\n","protected":false},"author":1,"featured_media":99656,"comment_status":"closed","ping_status":"closed","sticky":false,"template":"","format":"standard","meta":{"_seopress_robots_primary_cat":"","_seopress_titles_title":"","_seopress_titles_desc":"","_seopress_robots_index":"","footnotes":""},"categories":[2],"tags":[37858,37859,37860],"class_list":{"0":"post-99655","1":"post","2":"type-post","3":"status-publish","4":"format-standard","5":"has-post-thumbnail","7":"category-tv","8":"tag-cinthia-fernandez-acorralo-a-andres-nara","9":"tag-cinthia-fernandez-andres-nara","10":"tag-cinthia-fernandez-el-negro-gonzalez-oro"},"_links":{"self":[{"href":"https:\/\/www.cordobatimes.com\/showup\/wp-json\/wp\/v2\/posts\/99655","targetHints":{"allow":["GET"]}}],"collection":[{"href":"https:\/\/www.cordobatimes.com\/showup\/wp-json\/wp\/v2\/posts"}],"about":[{"href":"https:\/\/www.cordobatimes.com\/showup\/wp-json\/wp\/v2\/types\/post"}],"author":[{"embeddable":true,"href":"https:\/\/www.cordobatimes.com\/showup\/wp-json\/wp\/v2\/users\/1"}],"replies":[{"embeddable":true,"href":"https:\/\/www.cordobatimes.com\/showup\/wp-json\/wp\/v2\/comments?post=99655"}],"version-history":[{"count":0,"href":"https:\/\/www.cordobatimes.com\/showup\/wp-json\/wp\/v2\/posts\/99655\/revisions"}],"wp:featuredmedia":[{"embeddable":true,"href":"https:\/\/www.cordobatimes.com\/showup\/wp-json\/wp\/v2\/media\/99656"}],"wp:attachment":[{"href":"https:\/\/www.cordobatimes.com\/showup\/wp-json\/wp\/v2\/media?parent=99655"}],"wp:term":[{"taxonomy":"category","embeddable":true,"href":"https:\/\/www.cordobatimes.com\/showup\/wp-json\/wp\/v2\/categories?post=99655"},{"taxonomy":"post_tag","embeddable":true,"href":"https:\/\/www.cordobatimes.com\/showup\/wp-json\/wp\/v2\/tags?post=99655"}],"curies":[{"name":"wp","href":"https:\/\/api.w.org\/{rel}","templated":true}]}}