{"id":99652,"date":"2023-07-28T10:20:26","date_gmt":"2023-07-28T13:20:26","guid":{"rendered":"https:\/\/www.cordobatimes.com\/showup\/?p=99652"},"modified":"2023-07-28T10:20:26","modified_gmt":"2023-07-28T13:20:26","slug":"que-dijo-pampita-sobre-la-pelea-de-roberto-garcia-moritan-con-alejandro-bodart","status":"publish","type":"post","link":"https:\/\/www.cordobatimes.com\/showup\/tv\/2023\/07\/28\/que-dijo-pampita-sobre-la-pelea-de-roberto-garcia-moritan-con-alejandro-bodart\/","title":{"rendered":"Qu\u00e9 dijo Pampita sobre la pelea de Roberto Garc\u00eda Morit\u00e1n con Alejandro Bodart"},"content":{"rendered":"<h3><strong>Consultada por LAM, la modelo defendi\u00f3 a su marido.<\/strong><\/h3>\n<p>Roberto Garc\u00eda Morit\u00e1n, precandidato a jefe de Gobierno porte\u00f1o por Republicanos Unidos y\u00a0Alejandro Bodart, candidato a gobernador de la provincia de Buenos Aires por la izquierda, protagonizaron el mi\u00e9rcoles por la noche un fuerte cruce en los pasillos de la se\u00f1al de noticias TN luego de una tensa entrevista televisiva en el programa pol\u00edtico\u00a0A dos voces\u00a0que termin\u00f3 a los gritos e insultos.<\/p>\n<p>Un d\u00eda despu\u00e9s de lo sucedido, las c\u00e1maras de LAM fueron en busca de la palabra de Carolina Pampita Ardohain, la mujer de Morit\u00e1n. \u201cNo lo vi\u201d, respondi\u00f3 la modelo y conductora cuando el cronista le pregunt\u00f3 si se hab\u00eda preocupado por su pareja cuando lo vio discutiendo con Bodart. \u201cYo no me meto en nada en esas cosas, prefiero acompa\u00f1ar desde un lugar de casa, respetando cada uno nuestros espacios. Nos admiramos mucho cada uno en lo suyo, nos apoyamos completamente,\u00a0pero no nos metemos en los temas de los otros\u201d, asegur\u00f3.<\/p>\n<p>El cronista le coment\u00f3 a Pampita que Bodart le hab\u00eda dicho a Moritan que \u201cvaya a discutir con su mujer\u201d (por Carolina Ardohain). \u201cNunca va a ser un agravio que est\u00e9 casado conmigo\u201d, respondi\u00f3 la jurado del Bailando 2023. \u201cSi lo quieren ofender con eso la verdad es que para \u00e9l es un orgulloso, estamos re enamorados\u201d, agreg\u00f3.<\/p>\n<p>\u201c\u00bfTe asustaste? \u00bfLe dijiste \u2018Rober, no te agarr\u00e9s a las pi\u00f1as que sale en todos lados\u2019?\u201d, pregunt\u00f3 el movilero. \u201c\u00bfRober?\u201d Jam\u00e1s, un caballero.\u00a0\u00c9l siempre con la palabra. Lo que tenga que decir lo va a decir y de buena manera\u201d, complet\u00f3 la conductora evitando entrar en un terreno en el que prefiere no participar y polemizar.<\/p>\n<blockquote class=\"twitter-tweet\">\n<p lang=\"es\" dir=\"ltr\">\ud83d\udca5Pampita habl\u00f3 del cruce de Roberto Garc\u00eda Morit\u00e1n<\/p>\n<p>\ud83d\udcac \u201cYo no me meto nada en esas cosas\u201d.<\/p>\n<p>Cc <a href=\"https:\/\/twitter.com\/hashtag\/LAM?src=hash&amp;ref_src=twsrc%5Etfw\">#LAM<\/a> en Am\u00e9rica TV \ud83d\udcfa <a href=\"https:\/\/twitter.com\/elejercitodelam?ref_src=twsrc%5Etfw\">@elejercitodelam<\/a> <a href=\"https:\/\/twitter.com\/AngeldebritoOk?ref_src=twsrc%5Etfw\">@AngeldebritoOk<\/a> <a href=\"https:\/\/t.co\/gL8l41ffyz\">pic.twitter.com\/gL8l41ffyz<\/a><\/p>\n<p>&mdash; Am\u00e9rica TV (@AmericaTV) <a href=\"https:\/\/twitter.com\/AmericaTV\/status\/1684746572016328704?ref_src=twsrc%5Etfw\">July 28, 2023<\/a><\/p><\/blockquote>\n<p> <script async src=\"https:\/\/platform.twitter.com\/widgets.js\" charset=\"utf-8\"><\/script><\/p>\n","protected":false},"excerpt":{"rendered":"<p>Consultada por LAM, la modelo defendi\u00f3 a su marido. Roberto Garc\u00eda Morit\u00e1n, precandidato a jefe de Gobierno porte\u00f1o por Republicanos Unidos y\u00a0Alejandro Bodart, candidato a gobernador de la provincia de Buenos Aires por la izquierda, protagonizaron el mi\u00e9rcoles por la noche un fuerte cruce en los pasillos de la se\u00f1al de noticias TN luego de [&hellip;]<\/p>\n","protected":false},"author":1,"featured_media":99653,"comment_status":"closed","ping_status":"closed","sticky":false,"template":"","format":"standard","meta":{"_seopress_robots_primary_cat":"","_seopress_titles_title":"","_seopress_titles_desc":"","_seopress_robots_index":"","footnotes":""},"categories":[2],"tags":[24638,37857],"class_list":{"0":"post-99652","1":"post","2":"type-post","3":"status-publish","4":"format-standard","5":"has-post-thumbnail","7":"category-tv","8":"tag-pampita-roberto-garcia-moritan","9":"tag-pelea-de-roberto-garcia-moritan-con-alejandro-bodart"},"_links":{"self":[{"href":"https:\/\/www.cordobatimes.com\/showup\/wp-json\/wp\/v2\/posts\/99652","targetHints":{"allow":["GET"]}}],"collection":[{"href":"https:\/\/www.cordobatimes.com\/showup\/wp-json\/wp\/v2\/posts"}],"about":[{"href":"https:\/\/www.cordobatimes.com\/showup\/wp-json\/wp\/v2\/types\/post"}],"author":[{"embeddable":true,"href":"https:\/\/www.cordobatimes.com\/showup\/wp-json\/wp\/v2\/users\/1"}],"replies":[{"embeddable":true,"href":"https:\/\/www.cordobatimes.com\/showup\/wp-json\/wp\/v2\/comments?post=99652"}],"version-history":[{"count":0,"href":"https:\/\/www.cordobatimes.com\/showup\/wp-json\/wp\/v2\/posts\/99652\/revisions"}],"wp:featuredmedia":[{"embeddable":true,"href":"https:\/\/www.cordobatimes.com\/showup\/wp-json\/wp\/v2\/media\/99653"}],"wp:attachment":[{"href":"https:\/\/www.cordobatimes.com\/showup\/wp-json\/wp\/v2\/media?parent=99652"}],"wp:term":[{"taxonomy":"category","embeddable":true,"href":"https:\/\/www.cordobatimes.com\/showup\/wp-json\/wp\/v2\/categories?post=99652"},{"taxonomy":"post_tag","embeddable":true,"href":"https:\/\/www.cordobatimes.com\/showup\/wp-json\/wp\/v2\/tags?post=99652"}],"curies":[{"name":"wp","href":"https:\/\/api.w.org\/{rel}","templated":true}]}}