{"id":99645,"date":"2023-07-28T09:42:28","date_gmt":"2023-07-28T12:42:28","guid":{"rendered":"https:\/\/www.cordobatimes.com\/showup\/?p=99645"},"modified":"2023-07-28T09:42:28","modified_gmt":"2023-07-28T12:42:28","slug":"como-es-quienes-son-el-nuevo-tema-de-lali-esposito-junto-a-moria-casan","status":"publish","type":"post","link":"https:\/\/www.cordobatimes.com\/showup\/musica\/2023\/07\/28\/como-es-quienes-son-el-nuevo-tema-de-lali-esposito-junto-a-moria-casan\/","title":{"rendered":"C\u00f3mo es Qui\u00e9nes son?, el nuevo tema de Lali Esp\u00f3sito junto a Moria Cas\u00e1n"},"content":{"rendered":"<h3><strong>Este jueves se estren\u00f3 el video oficial de la cantante en el que la actriz y conductora tiene una participaci\u00f3n especial.<\/strong><\/h3>\n<p class=\"paragraph\" data-mrf-recirculation=\"Links inline\">Glamour, brillos, bailarines, luces, autos y joyas en el nuevo videoclip de\u00a0<b>Lali Esp\u00f3sito<\/b><i>\u00a0\u201cQui\u00e9nes son?\u201d<\/i>\u00a0junto a\u00a0<b>Moria Cas\u00e1n\u00a0<\/b>que le pone voz a partes de esta canci\u00f3n. El tema forma parte del \u00faltimo disco de la artista argentina\u00a0<b>LALI\u00a0<\/b>estrenado en abril.<\/p>\n<p class=\"paragraph\" data-mrf-recirculation=\"Links inline\">La letra de \u201c<i>Qui\u00e9nes son?\u201d\u00a0<\/i>tiene frases ic\u00f3nicas de la actriz y conductora como \u201cque se calle el decorado\u201d entre otras. Adem\u00e1s, es una canci\u00f3n que habla sobre los haters en las redes sociales y de c\u00f3mo llegar a una postura en la que ya esos mensajes te dejen de afectar.<\/p>\n<p data-mrf-recirculation=\"Links inline\">\n<p><iframe loading=\"lazy\" width=\"560\" height=\"315\" src=\"https:\/\/www.youtube.com\/embed\/LTi7uMvRQ5M\" title=\"YouTube video player\" frameborder=\"0\" allow=\"accelerometer; autoplay; clipboard-write; encrypted-media; gyroscope; picture-in-picture; web-share\" allowfullscreen><\/iframe><\/p>\n","protected":false},"excerpt":{"rendered":"<p>Este jueves se estren\u00f3 el video oficial de la cantante en el que la actriz y conductora tiene una participaci\u00f3n especial. Glamour, brillos, bailarines, luces, autos y joyas en el nuevo videoclip de\u00a0Lali Esp\u00f3sito\u00a0\u201cQui\u00e9nes son?\u201d\u00a0junto a\u00a0Moria Cas\u00e1n\u00a0que le pone voz a partes de esta canci\u00f3n. El tema forma parte del \u00faltimo disco de la artista [&hellip;]<\/p>\n","protected":false},"author":1,"featured_media":99646,"comment_status":"closed","ping_status":"closed","sticky":false,"template":"","format":"standard","meta":{"_seopress_robots_primary_cat":"","_seopress_titles_title":"","_seopress_titles_desc":"","_seopress_robots_index":"","footnotes":""},"categories":[5],"tags":[37852,37854,37853,37851],"class_list":{"0":"post-99645","1":"post","2":"type-post","3":"status-publish","4":"format-standard","5":"has-post-thumbnail","7":"category-musica","8":"tag-lali-esposito-junto-a-moria-casan","9":"tag-lali-esposito-moria-casan-quienes-son","10":"tag-lali-esposito-y-moria-casan","11":"tag-tema-de-lali-esposito-junto-a-moria-casan"},"_links":{"self":[{"href":"https:\/\/www.cordobatimes.com\/showup\/wp-json\/wp\/v2\/posts\/99645","targetHints":{"allow":["GET"]}}],"collection":[{"href":"https:\/\/www.cordobatimes.com\/showup\/wp-json\/wp\/v2\/posts"}],"about":[{"href":"https:\/\/www.cordobatimes.com\/showup\/wp-json\/wp\/v2\/types\/post"}],"author":[{"embeddable":true,"href":"https:\/\/www.cordobatimes.com\/showup\/wp-json\/wp\/v2\/users\/1"}],"replies":[{"embeddable":true,"href":"https:\/\/www.cordobatimes.com\/showup\/wp-json\/wp\/v2\/comments?post=99645"}],"version-history":[{"count":0,"href":"https:\/\/www.cordobatimes.com\/showup\/wp-json\/wp\/v2\/posts\/99645\/revisions"}],"wp:featuredmedia":[{"embeddable":true,"href":"https:\/\/www.cordobatimes.com\/showup\/wp-json\/wp\/v2\/media\/99646"}],"wp:attachment":[{"href":"https:\/\/www.cordobatimes.com\/showup\/wp-json\/wp\/v2\/media?parent=99645"}],"wp:term":[{"taxonomy":"category","embeddable":true,"href":"https:\/\/www.cordobatimes.com\/showup\/wp-json\/wp\/v2\/categories?post=99645"},{"taxonomy":"post_tag","embeddable":true,"href":"https:\/\/www.cordobatimes.com\/showup\/wp-json\/wp\/v2\/tags?post=99645"}],"curies":[{"name":"wp","href":"https:\/\/api.w.org\/{rel}","templated":true}]}}