{"id":99637,"date":"2023-07-27T12:33:45","date_gmt":"2023-07-27T15:33:45","guid":{"rendered":"https:\/\/www.cordobatimes.com\/showup\/?p=99637"},"modified":"2023-07-27T12:33:45","modified_gmt":"2023-07-27T15:33:45","slug":"alejandro-bodart-se-cruzo-muy-fuerte-con-el-marido-de-pampita-en-los-pasillos-de-tn","status":"publish","type":"post","link":"https:\/\/www.cordobatimes.com\/showup\/destacada\/2023\/07\/27\/alejandro-bodart-se-cruzo-muy-fuerte-con-el-marido-de-pampita-en-los-pasillos-de-tn\/","title":{"rendered":"Alejandro Bodart se cruz\u00f3 muy fuerte con el marido de Pampita en los pasillos de TN"},"content":{"rendered":"<h3><strong>\u00ab\u00bfTe crees que le tenemos miedo a los forros como vos?\u00bb<\/strong><\/h3>\n<p>\u00abProvocador de mierda, as\u00ed maltratas a tus empleados. Vivis del trabajo esclavo forro chupasangre\u00bb le propin\u00f3 el dirigente del FIT.<\/p>\n<p class=\"com-paragraph  --capital --s\">Los precandidatos a jefe de Gobierno porte\u00f1o,\u00a0Roberto Garc\u00eda Morit\u00e1n\u00a0-de\u00a0Juntos por el Cambio- y\u00a0Alejandro Bodart\u00a0-del Frente de Izquierda- se trenzaron en una\u00a0fuerte discusi\u00f3n\u00a0dentro de un estudio de televisi\u00f3n, donde ambos fueron a charlar sobre temas de coyuntura. Pero el intercambio sigui\u00f3 en los pasillos, cuando el programa ya hab\u00eda terminado. All\u00ed\u00a0se mostraron cara a cara\u00a0y el izquierdista, a quien se lo not\u00f3 m\u00e1s agresivo en sus palabras, hasta lleg\u00f3 a decirle en un momento al referente de Republicanos Unidos:\u00a0\u201cAnd\u00e1 a discutir con tu mujer, boludito\u201d.<\/p>\n<p class=\"com-paragraph   --s\">Cuando participaron del programa\u00a0<em>A dos voces<\/em>, en\u00a0<em>TN<\/em>, el ida y vuelta de opiniones se elev\u00f3 de tono al hablar sobre los piquetes en el centro de\u00a0la ciudad de Buenos Aires. Garc\u00eda Morit\u00e1n, que tiene un proyecto para demoler el edificio del Ministerio de Desarrollo Social al considerar que as\u00ed mermar\u00eda la cantidad de manifestantes, le dijo a Bodart:\u00a0\u201cPis\u00e1 una Pyme una vez, da un solo trabajo y despu\u00e9s hablamos\u201d.<\/p>\n<p class=\"com-paragraph   --s\">Tambi\u00e9n asegur\u00f3 que 99,9% de la gente que va a las marchas no quiere estar ah\u00ed, sino que concurre obligada; dijo que es una \u201cinmoralidad\u201d que les saquen un porcentaje de los planes para financiar a las organizaciones y lanz\u00f3 contra su competidor: \u201c<strong>Es muy f\u00e1cil hablar cuando en tu vida invertiste y cuando toda tu vida viviste del Estado\u201d.<\/strong><\/p>\n<p class=\"com-paragraph   --s\">En tanto, Bodart le respondi\u00f3 en ese momento: \u201cVos sos un\u00a0<strong>chupasangre\u00a0<\/strong>de trabajadores, que\u00a0<strong>te hiciste famoso por tu mujer<\/strong>\u00a0y ahora quer\u00e9s hacer propuestas rid\u00edculas\u201d. Lo dijo en relaci\u00f3n a\u00a0<strong>Carolina \u201cPampita\u201d Ardohain<\/strong>, la esposa del postulante de Juntos por el Cambio; y adem\u00e1s para denostar el rol de Garc\u00eda Morit\u00e1n como\u00a0<strong>empresario gastron\u00f3mico<\/strong>, un rubro al que pertenece desde antes de involucrarse en pol\u00edtica.<\/p>\n<p class=\"com-paragraph   --s\">Pero el cruce no qued\u00f3 ah\u00ed. Tras finalizar el programa, los dos se encontraron en el pasillo de salida del canal y el altercado escal\u00f3. Qued\u00f3 registrado en un video de celular que tom\u00f3 una de las personas que estaba ah\u00ed y que despu\u00e9s public\u00f3\u00a0<em>TN<\/em>.<\/p>\n<p class=\"com-paragraph   --s\"><strong>Pelotudo, \u00bfqu\u00e9 te hac\u00e9s?\u00a0<\/strong>\u00bfQu\u00e9 te cre\u00e9s? \u00bfQue te tenemos miedo? A los forros como vos&#8230; \u00bfTe cre\u00e9s que te tenemos miedo? Vos ten\u00e9s miedo.<strong>\u00a0Te vamos a cortar el chorro, forro<\/strong>\u201d, le dijo el coordinador de la Liga Internacional Socialista a Garc\u00eda Morit\u00e1n, a los gritos.<\/p>\n<p class=\"com-paragraph   --s\">Ambos avanzaron por el pasillo lado a lado, en actitud de pelea y bien pegados.\u00a0<strong>\u201c\u00bfQu\u00e9 problema ten\u00e9s? \u00bfQu\u00e9 problema ten\u00e9s? Yo no vivo de la pol\u00edtica como vos\u201d,\u00a0<\/strong>le contest\u00f3 el postulante que pretende imponerse en la interna de Juntos por el Cambio, m\u00e1s calmo.<\/p>\n<p class=\"com-paragraph   --s\"><strong>\u201cForro, forro. \u00bfDe macho ven\u00eds vos, boludo?\u201d,<\/strong>\u00a0sigui\u00f3 Bodart. Ambos se pusieron frente a frente mientras una productora caminaba al lado de los dos y otras personas pasaban.\u00a0<strong>\u201cAnd\u00e1, and\u00e1 a discutir con tu mujer, boludo. And\u00e1, and\u00e1 a discutir con tu mujer, boludito. Provocador de mierda. As\u00ed trat\u00e1s a tus empleados.<\/strong>\u00a0\u00bfQu\u00e9 te cre\u00e9s, boludo? As\u00ed trat\u00e1s a tus empleados.\u00a0<strong>\u00bfQu\u00e9 te cre\u00e9s? \u00bfUn patr\u00f3n de estancia?<\/strong>\u00a0<strong>Porque ten\u00e9s guita, pelotudo\u201d<\/strong>, sigui\u00f3 el referente de la izquierda, cada vez m\u00e1s furioso.<\/p>\n<p class=\"com-paragraph   --s\">Morit\u00e1n, quien en todo momento habl\u00f3 pero no qued\u00f3 registrada cada cosa que dijo porque la voz de Bodart siempre fue muy elevada, lo sigui\u00f3 y pronunci\u00f3:\u00a0<strong>\u201cMir\u00e1 que miedo te tengo, gordito. Viv\u00eds de los pobres\u201d.\u00a0<\/strong>Mientras, mantuvo sus manos todo el tiempo atr\u00e1s, agarradas en la espalda.<\/p>\n<p class=\"com-paragraph   --s\"><strong>\u201cBoludo, vos viv\u00eds del trabajo esclavo que ten\u00e9s, pelotudo. Les pag\u00e1s 70 lucas a tus empleados y encima dec\u00eds que viven por la propina\u201d,\u00a0<\/strong>le lanz\u00f3 por su parte el precandidato de izquierda, agresivo.<strong>\u00a0\u201cDej\u00e1 de mentir, qu\u00e9 la propina\u201d,<\/strong>\u00a0vocifer\u00f3 Garc\u00eda Morit\u00e1n.<\/p>\n<p class=\"com-paragraph   --s\">\u201cPero and\u00e1, forro.\u00a0<strong>Forro chupasangre.<\/strong>\u00a0Sab\u00e9s que<strong>\u00a0se va a acabar la de ustedes<\/strong>, nunca van a poder hacer lo que quieren ustedes.<strong>\u00a0Vas a ver si vas a poder prohibir un piquete, boludo. Forro, forro<\/strong>\u201d, termin\u00f3 Bodart, antes de retirarse.<\/p>\n<div style=\"width: 320px;\" class=\"wp-video\"><video class=\"wp-video-shortcode\" id=\"video-99637-1\" width=\"320\" height=\"568\" preload=\"metadata\" controls=\"controls\"><source type=\"video\/mp4\" src=\"https:\/\/www.cordobatimes.com\/showup\/wp-content\/uploads\/2023\/07\/ssstwitter.com_1690471722506.mp4?_=1\" \/><a href=\"https:\/\/www.cordobatimes.com\/showup\/wp-content\/uploads\/2023\/07\/ssstwitter.com_1690471722506.mp4\">https:\/\/www.cordobatimes.com\/showup\/wp-content\/uploads\/2023\/07\/ssstwitter.com_1690471722506.mp4<\/a><\/video><\/div>\n","protected":false},"excerpt":{"rendered":"<p>\u00ab\u00bfTe crees que le tenemos miedo a los forros como vos?\u00bb \u00abProvocador de mierda, as\u00ed maltratas a tus empleados. Vivis del trabajo esclavo forro chupasangre\u00bb le propin\u00f3 el dirigente del FIT. Los precandidatos a jefe de Gobierno porte\u00f1o,\u00a0Roberto Garc\u00eda Morit\u00e1n\u00a0-de\u00a0Juntos por el Cambio- y\u00a0Alejandro Bodart\u00a0-del Frente de Izquierda- se trenzaron en una\u00a0fuerte discusi\u00f3n\u00a0dentro de un [&hellip;]<\/p>\n","protected":false},"author":1,"featured_media":99638,"comment_status":"closed","ping_status":"closed","sticky":false,"template":"","format":"standard","meta":{"_seopress_robots_primary_cat":"","_seopress_titles_title":"","_seopress_titles_desc":"","_seopress_robots_index":"","footnotes":""},"categories":[12967],"tags":[37848,37847],"class_list":{"0":"post-99637","1":"post","2":"type-post","3":"status-publish","4":"format-standard","5":"has-post-thumbnail","7":"category-destacada","8":"tag-pelea-de-roberto-garcia-moritan-y-alejandro-bodart","9":"tag-roberto-garcia-moritan-alejandro-bodart"},"_links":{"self":[{"href":"https:\/\/www.cordobatimes.com\/showup\/wp-json\/wp\/v2\/posts\/99637","targetHints":{"allow":["GET"]}}],"collection":[{"href":"https:\/\/www.cordobatimes.com\/showup\/wp-json\/wp\/v2\/posts"}],"about":[{"href":"https:\/\/www.cordobatimes.com\/showup\/wp-json\/wp\/v2\/types\/post"}],"author":[{"embeddable":true,"href":"https:\/\/www.cordobatimes.com\/showup\/wp-json\/wp\/v2\/users\/1"}],"replies":[{"embeddable":true,"href":"https:\/\/www.cordobatimes.com\/showup\/wp-json\/wp\/v2\/comments?post=99637"}],"version-history":[{"count":0,"href":"https:\/\/www.cordobatimes.com\/showup\/wp-json\/wp\/v2\/posts\/99637\/revisions"}],"wp:featuredmedia":[{"embeddable":true,"href":"https:\/\/www.cordobatimes.com\/showup\/wp-json\/wp\/v2\/media\/99638"}],"wp:attachment":[{"href":"https:\/\/www.cordobatimes.com\/showup\/wp-json\/wp\/v2\/media?parent=99637"}],"wp:term":[{"taxonomy":"category","embeddable":true,"href":"https:\/\/www.cordobatimes.com\/showup\/wp-json\/wp\/v2\/categories?post=99637"},{"taxonomy":"post_tag","embeddable":true,"href":"https:\/\/www.cordobatimes.com\/showup\/wp-json\/wp\/v2\/tags?post=99637"}],"curies":[{"name":"wp","href":"https:\/\/api.w.org\/{rel}","templated":true}]}}