{"id":99574,"date":"2023-07-26T21:04:35","date_gmt":"2023-07-27T00:04:35","guid":{"rendered":"https:\/\/www.cordobatimes.com\/showup\/?p=99574"},"modified":"2023-07-26T21:20:39","modified_gmt":"2023-07-27T00:20:39","slug":"rodrigo-lussich-contra-la-negra-vernacitoda-la-vida-me-dijo-gorda-tonta-la-lussich-ella-es-sumamente-discriminadora","status":"publish","type":"post","link":"https:\/\/www.cordobatimes.com\/showup\/tv\/2023\/07\/26\/rodrigo-lussich-contra-la-negra-vernacitoda-la-vida-me-dijo-gorda-tonta-la-lussich-ella-es-sumamente-discriminadora\/","title":{"rendered":"Rodrigo Lussich contra La Negra Vernaci:\u201cToda la vida me dijo gorda, tonta, la Lussich, Ella es sumamente discriminadora\u00bb"},"content":{"rendered":"<h3><strong>\u00abEs sumamente racista, es sumamente mataputos siendo tan amiga de los gays\u201d<\/strong><\/h3>\n<p>\u00abEs discriminadora y se hace la abierta de mente\u00bb<\/p>\n<p>\u00abVernaci es tremendamente mata putos\u00bb<\/p>\n<p>\u00abLa Negra te corre hablando en femenino y no est\u00e1 bueno\u00bb<\/p>\n<p>\u00abElla ped\u00eda todos los d\u00edas que me saquen de la radio. Ella trat\u00f3 de impedir mi llegada a pop\u00bb<\/p>\n<p>\u00abSu inconsciente te traiciono Vernaci. Sos maltratadora\u00bb<\/p>\n<p>\u00abTodos le tienen terror\u00bb<\/p>\n<p>\u00abSos todo lo que no va m\u00e1s Vernaci\u00bb<\/p>\n<blockquote class=\"twitter-tweet\">\n<p dir=\"ltr\" lang=\"es\">\ud83d\udca5 Rodrigo Lussich indignado con la Negra Vernaci<\/p>\n<p>\ud83d\udc49 El conductor apunt\u00f3 contra Vernaci por su desvinculaci\u00f3n de Radio Pop.<\/p>\n<p>\ud83d\udcac \u201cLe tienen terror, genera p\u00e1nico\u201d.<\/p>\n<p>Cc <a href=\"https:\/\/twitter.com\/hashtag\/LAM?src=hash&amp;ref_src=twsrc%5Etfw\">#LAM<\/a> en Am\u00e9rica TV \ud83d\udcfa <a href=\"https:\/\/twitter.com\/elejercitodelam?ref_src=twsrc%5Etfw\">@elejercitodelam<\/a> <a href=\"https:\/\/twitter.com\/AngeldebritoOk?ref_src=twsrc%5Etfw\">@AngeldebritoOk<\/a> <a href=\"https:\/\/t.co\/XOHKazQcMa\">pic.twitter.com\/XOHKazQcMa<\/a><\/p>\n<p>\u2014 Am\u00e9rica TV (@AmericaTV) <a href=\"https:\/\/twitter.com\/AmericaTV\/status\/1684346165091766279?ref_src=twsrc%5Etfw\">July 26, 2023<\/a><\/p><\/blockquote>\n<p><script async src=\"https:\/\/platform.twitter.com\/widgets.js\" charset=\"utf-8\"><\/script><\/p>\n","protected":false},"excerpt":{"rendered":"<p>\u00abEs sumamente racista, es sumamente mataputos siendo tan amiga de los gays\u201d \u00abEs discriminadora y se hace la abierta de mente\u00bb \u00abVernaci es tremendamente mata putos\u00bb \u00abLa Negra te corre hablando en femenino y no est\u00e1 bueno\u00bb \u00abElla ped\u00eda todos los d\u00edas que me saquen de la radio. Ella trat\u00f3 de impedir mi llegada a [&hellip;]<\/p>\n","protected":false},"author":1,"featured_media":99575,"comment_status":"closed","ping_status":"closed","sticky":false,"template":"","format":"standard","meta":{"_seopress_robots_primary_cat":"","_seopress_titles_title":"","_seopress_titles_desc":"","_seopress_robots_index":"","footnotes":""},"categories":[2],"tags":[37836,37837],"class_list":{"0":"post-99574","1":"post","2":"type-post","3":"status-publish","4":"format-standard","5":"has-post-thumbnail","7":"category-tv","8":"tag-rodrigo-lussich-contra-la-negra-vernaci","9":"tag-rodrigo-lussich-la-negra-vernaci"},"_links":{"self":[{"href":"https:\/\/www.cordobatimes.com\/showup\/wp-json\/wp\/v2\/posts\/99574","targetHints":{"allow":["GET"]}}],"collection":[{"href":"https:\/\/www.cordobatimes.com\/showup\/wp-json\/wp\/v2\/posts"}],"about":[{"href":"https:\/\/www.cordobatimes.com\/showup\/wp-json\/wp\/v2\/types\/post"}],"author":[{"embeddable":true,"href":"https:\/\/www.cordobatimes.com\/showup\/wp-json\/wp\/v2\/users\/1"}],"replies":[{"embeddable":true,"href":"https:\/\/www.cordobatimes.com\/showup\/wp-json\/wp\/v2\/comments?post=99574"}],"version-history":[{"count":0,"href":"https:\/\/www.cordobatimes.com\/showup\/wp-json\/wp\/v2\/posts\/99574\/revisions"}],"wp:featuredmedia":[{"embeddable":true,"href":"https:\/\/www.cordobatimes.com\/showup\/wp-json\/wp\/v2\/media\/99575"}],"wp:attachment":[{"href":"https:\/\/www.cordobatimes.com\/showup\/wp-json\/wp\/v2\/media?parent=99574"}],"wp:term":[{"taxonomy":"category","embeddable":true,"href":"https:\/\/www.cordobatimes.com\/showup\/wp-json\/wp\/v2\/categories?post=99574"},{"taxonomy":"post_tag","embeddable":true,"href":"https:\/\/www.cordobatimes.com\/showup\/wp-json\/wp\/v2\/tags?post=99574"}],"curies":[{"name":"wp","href":"https:\/\/api.w.org\/{rel}","templated":true}]}}