{"id":99560,"date":"2023-07-26T10:35:05","date_gmt":"2023-07-26T13:35:05","guid":{"rendered":"https:\/\/www.cordobatimes.com\/showup\/?p=99560"},"modified":"2023-07-26T10:35:05","modified_gmt":"2023-07-26T13:35:05","slug":"anunciaron-un-cambio-historico-en-el-reglamento-del-bailando-de-que-se-trata","status":"publish","type":"post","link":"https:\/\/www.cordobatimes.com\/showup\/tv\/2023\/07\/26\/anunciaron-un-cambio-historico-en-el-reglamento-del-bailando-de-que-se-trata\/","title":{"rendered":"Anunciaron un cambio hist\u00f3rico en el reglamento del Bailando: de qu\u00e9 se trata"},"content":{"rendered":"<h3><strong>\u00c1ngel de Brito cont\u00f3 en LAM cu\u00e1les ser\u00e1n las reglas de la nueva temporada del certamen de baile conducido por Marcelo Tinelli.<\/strong><\/h3>\n<p>La fecha de debut dicha por el mism\u00edsimo\u00a0Marcelo Tinelli\u00a0es el 22 de agosto por la pantalla de Am\u00e9rica. Y, en los estudios Cuyo, est\u00e1n trabajando a toda marcha para llegar con la escenograf\u00eda del nuevo\u00a0ShowMatch\u00a0que llegar\u00e1 de la mano del\u00a0Bailando 2023. Sin embargo, tal como lo viene adelantando\u00a0\u00c1ngel de Brito\u00a0en\u00a0LAM, esta nueva temporada del certamen de baile vendr\u00e1 con muchos cambios.<\/p>\n<p>\u201cLa novedad que voy a contar hoy del reglamento, porque hay varias, es que a partir de ahora y esto es importante porque va a aliviar a muchos participantes,\u00a0no va a existir m\u00e1s el duelo\u201d, comenz\u00f3 diciendo el periodista en la edici\u00f3n de este lunes de su programa. Y sigui\u00f3: \u201cEs un cambio hist\u00f3rico en el Bailando, no hay m\u00e1s duelo\u201d.<\/p>\n<p>\u00bfC\u00f3mo ser\u00e1 la din\u00e1mica para determinar qui\u00e9n se va en cada ritmo? \u201cSe van a conocer los puntajes secretos, porque eso sigue existiendo. Y, como siempre, van a quedar tres, cuatro o seis parejas para la eliminaci\u00f3n. Y en lugar de volver a bailar otra vez lo que ya bailaron, porque a muchos les tocaba bailar el viernes en el duelo lo que hab\u00edan hecho el jueves o el mismo d\u00eda, que ya lo hab\u00edamos visto y lo hac\u00edan peor muchas veces porque llegaban cansados, ahora lo va a definir el jurado\u201d, explic\u00f3 de Brito.<\/p>\n<p>Y ejemplific\u00f3: \u201cEl que tenga el voto secreto empieza. Supongamos que en el primer ritmo me toca a m\u00ed, yo salvo a\u00a0Marixa (Balli). Sigue por orden,\u00a0Pampita (Ardohain), y salva a\u00a0Viviana Comenero. Y as\u00ed hasta que queden los dos que el jurado no salva, que son los que van al tel\u00e9fono\u201d. \u00bfSi los participantes los van a odiar m\u00e1s a los miembros del jurado? \u201cS\u00ed, para eso lo hacen, para que nos puteen m\u00e1s y m\u00e1s y m\u00e1s\u201d, reconoci\u00f3 \u00c1ngel.<\/p>\n<p>El periodista explic\u00f3 que, a la hora del salvataje, no hay un criterio \u00fanico. \u201cCada jurado vota lo que quiere. Puede ser la pareja que mejor bail\u00f3, la que te cae mejor, la que menos odi\u00e1s, la que m\u00e1s te divierte&#8230;\u201d, dijo. Y reconoci\u00f3 que el m\u00e9todo era \u201ccero objetivo\u201d, como tambi\u00e9n lo es el Bailando en s\u00ed. \u201cAs\u00ed que bueno, arr\u00e9glense\u201d, concluy\u00f3.<\/p>\n<p>Minutos antes, de Brito hab\u00eda contado que otros de los cambios para este a\u00f1o ten\u00eda que ver con la posibilidad de que cada pareja eligiera el ritmo que quer\u00eda ejecutar en cada gala, a excepci\u00f3n de los cuatro fijos que ser\u00edan homenaje, salsa de a tres, ca\u00f1o y baile bajo la lluvia, que pese a lo dificultoso que es para la producci\u00f3n volver\u00eda a realizarse en esta temporada.<\/p>\n<p>Los jurados definidos son\u00a0Moria Cas\u00e1n, Marcelo Polino, Pampita y \u00c1ngel. Y los famosos convocados hasta el momento son\u00a0Camila Homs, El Tirri, Flor Vigna, Lourdes S\u00e1nchez, Coki Ram\u00edrez, Charlotte Caniggia, Anita Mart\u00ednez\u00a0con\u00a0El Bicho G\u00f3mez, Maxi de la Cruz, Romina Malaspina, Juli Castro\u00a0(hija de la bailarina\u00a0Momi Giardina), Guido Z\u00e1ffora, Eva Bargiel, Kennys Palacios\u00a0(peluquero de Wanda Nara), Fernanda Sosa\u00a0(influencer uruguaya), M\u00f3nica Farro, Noel Barrionuevo\u00a0(jugadora de h\u00f3ckey), Brian Sarmiento\u00a0(exfutbolista), Anabel S\u00e1nchez, Noelia Pompa, Lola Latorre, Mart\u00edn Salwe (locutor), Ian Hachmann\u00a0(ex de Charlotte Caniggia) con su esposa\u00a0Arna Karls, Tom\u00e1s Holder, Coti Romero, Alexis El Conejo Quiroga, Romina Uhrig\u00a0y\u00a0Juliana D\u00edaz.<\/p>\n","protected":false},"excerpt":{"rendered":"<p>\u00c1ngel de Brito cont\u00f3 en LAM cu\u00e1les ser\u00e1n las reglas de la nueva temporada del certamen de baile conducido por Marcelo Tinelli. La fecha de debut dicha por el mism\u00edsimo\u00a0Marcelo Tinelli\u00a0es el 22 de agosto por la pantalla de Am\u00e9rica. Y, en los estudios Cuyo, est\u00e1n trabajando a toda marcha para llegar con la escenograf\u00eda [&hellip;]<\/p>\n","protected":false},"author":1,"featured_media":99561,"comment_status":"closed","ping_status":"closed","sticky":false,"template":"","format":"standard","meta":{"_seopress_robots_primary_cat":"","_seopress_titles_title":"","_seopress_titles_desc":"","_seopress_robots_index":"","footnotes":""},"categories":[2],"tags":[37822,37823],"class_list":{"0":"post-99560","1":"post","2":"type-post","3":"status-publish","4":"format-standard","5":"has-post-thumbnail","7":"category-tv","8":"tag-cambios-en-el-bailando-2023","9":"tag-reglamento-del-bailando-2023"},"_links":{"self":[{"href":"https:\/\/www.cordobatimes.com\/showup\/wp-json\/wp\/v2\/posts\/99560","targetHints":{"allow":["GET"]}}],"collection":[{"href":"https:\/\/www.cordobatimes.com\/showup\/wp-json\/wp\/v2\/posts"}],"about":[{"href":"https:\/\/www.cordobatimes.com\/showup\/wp-json\/wp\/v2\/types\/post"}],"author":[{"embeddable":true,"href":"https:\/\/www.cordobatimes.com\/showup\/wp-json\/wp\/v2\/users\/1"}],"replies":[{"embeddable":true,"href":"https:\/\/www.cordobatimes.com\/showup\/wp-json\/wp\/v2\/comments?post=99560"}],"version-history":[{"count":0,"href":"https:\/\/www.cordobatimes.com\/showup\/wp-json\/wp\/v2\/posts\/99560\/revisions"}],"wp:featuredmedia":[{"embeddable":true,"href":"https:\/\/www.cordobatimes.com\/showup\/wp-json\/wp\/v2\/media\/99561"}],"wp:attachment":[{"href":"https:\/\/www.cordobatimes.com\/showup\/wp-json\/wp\/v2\/media?parent=99560"}],"wp:term":[{"taxonomy":"category","embeddable":true,"href":"https:\/\/www.cordobatimes.com\/showup\/wp-json\/wp\/v2\/categories?post=99560"},{"taxonomy":"post_tag","embeddable":true,"href":"https:\/\/www.cordobatimes.com\/showup\/wp-json\/wp\/v2\/tags?post=99560"}],"curies":[{"name":"wp","href":"https:\/\/api.w.org\/{rel}","templated":true}]}}