{"id":99557,"date":"2023-07-26T09:56:34","date_gmt":"2023-07-26T12:56:34","guid":{"rendered":"https:\/\/www.cordobatimes.com\/showup\/?p=99557"},"modified":"2023-07-26T09:56:34","modified_gmt":"2023-07-26T12:56:34","slug":"kennys-palacios-conto-como-son-los-dias-wanda-nara-tras-sus-problemas-de-salud","status":"publish","type":"post","link":"https:\/\/www.cordobatimes.com\/showup\/famosos\/2023\/07\/26\/kennys-palacios-conto-como-son-los-dias-wanda-nara-tras-sus-problemas-de-salud\/","title":{"rendered":"Kennys Palacios cont\u00f3 c\u00f3mo son los d\u00edas Wanda Nara tras sus problemas de salud"},"content":{"rendered":"<h3><strong>El estilista dio a conocer c\u00f3mo se encuentra su \u00edntima amiga despu\u00e9s de la preocupaci\u00f3n que despert\u00f3 su cuadro cl\u00ednico.<\/strong><\/h3>\n<p>Luego de la preocupaci\u00f3n\u00a0que despert\u00f3 la salud de\u00a0Wanda Nara\u00a0\u2013motivo por el cual recurri\u00f3 a las redes para ponerle punto final a las especulaciones y contar en primera persona c\u00f3mo est\u00e1-\u00a0Kennys Palacios\u00a0dio detalles\u00a0del d\u00eda a d\u00eda de su \u00edntima amiga.<\/p>\n<p>\u201cLo \u00fanico que te puedo decir es que\u00a0capaz leo o escucho que dicen cosas que no son, o pavadas, o que se atreven a opinar sin conocer ni esperar. Veo que todos tienen mucha libertad para hablar y opinar de ciertos temas y no esperan que la persona hable o no hable porque nadie tiene por qu\u00e9 decir algo que\u00a0no quiere o no tiene ganas\u201d, comenz\u00f3 diciendo el peluquero en una nota que dio a\u00a0LAM.<\/p>\n<p>\u201cHay muchas personas que hablaron muy libremente y cuando va a ciertos lugares piden que los cuiden,\u00a0y no hacen lo que ellos piden\u201d, agreg\u00f3, sin querer dar nombres no ahondar en detalles sobre este tema.<\/p>\n<p>Por \u00faltimo, el entrevistado dej\u00f3 en claro lo importante que es para Wanda refugiarse en su c\u00edrculo m\u00e1s \u00edntimo: \u201cFuimos a ver\u00a0Matilda, el musical. La verdad es que seguimos\u00a0haciendo la misma vida de siempre.\u00a0Seguimos trabajando, saliendo, yendo a cenar y al teatro porque son las vacaciones de las nenas\u201d.<\/p>\n<p>\u201cSobre todo, Wanda se llena de buena energ\u00eda, de su familia, amigos. Est\u00e1 concentrada en ella, en sus hijos y en su familia\u201d, cerr\u00f3 Kennys,\u00a0abriendo su coraz\u00f3n, en el programa que conduce\u00a0\u00c1ngel de Brito\u00a0por\u00a0Am\u00e9rica.<\/p>\n","protected":false},"excerpt":{"rendered":"<p>El estilista dio a conocer c\u00f3mo se encuentra su \u00edntima amiga despu\u00e9s de la preocupaci\u00f3n que despert\u00f3 su cuadro cl\u00ednico. Luego de la preocupaci\u00f3n\u00a0que despert\u00f3 la salud de\u00a0Wanda Nara\u00a0\u2013motivo por el cual recurri\u00f3 a las redes para ponerle punto final a las especulaciones y contar en primera persona c\u00f3mo est\u00e1-\u00a0Kennys Palacios\u00a0dio detalles\u00a0del d\u00eda a d\u00eda [&hellip;]<\/p>\n","protected":false},"author":1,"featured_media":99558,"comment_status":"closed","ping_status":"closed","sticky":false,"template":"","format":"standard","meta":{"_seopress_robots_primary_cat":"","_seopress_titles_title":"","_seopress_titles_desc":"","_seopress_robots_index":"","footnotes":""},"categories":[4],"tags":[37758,37821],"class_list":{"0":"post-99557","1":"post","2":"type-post","3":"status-publish","4":"format-standard","5":"has-post-thumbnail","7":"category-famosos","8":"tag-kennys-palacios-wanda-nara","9":"tag-wanda-nara-tras-sus-problemas-de-salud"},"_links":{"self":[{"href":"https:\/\/www.cordobatimes.com\/showup\/wp-json\/wp\/v2\/posts\/99557","targetHints":{"allow":["GET"]}}],"collection":[{"href":"https:\/\/www.cordobatimes.com\/showup\/wp-json\/wp\/v2\/posts"}],"about":[{"href":"https:\/\/www.cordobatimes.com\/showup\/wp-json\/wp\/v2\/types\/post"}],"author":[{"embeddable":true,"href":"https:\/\/www.cordobatimes.com\/showup\/wp-json\/wp\/v2\/users\/1"}],"replies":[{"embeddable":true,"href":"https:\/\/www.cordobatimes.com\/showup\/wp-json\/wp\/v2\/comments?post=99557"}],"version-history":[{"count":0,"href":"https:\/\/www.cordobatimes.com\/showup\/wp-json\/wp\/v2\/posts\/99557\/revisions"}],"wp:featuredmedia":[{"embeddable":true,"href":"https:\/\/www.cordobatimes.com\/showup\/wp-json\/wp\/v2\/media\/99558"}],"wp:attachment":[{"href":"https:\/\/www.cordobatimes.com\/showup\/wp-json\/wp\/v2\/media?parent=99557"}],"wp:term":[{"taxonomy":"category","embeddable":true,"href":"https:\/\/www.cordobatimes.com\/showup\/wp-json\/wp\/v2\/categories?post=99557"},{"taxonomy":"post_tag","embeddable":true,"href":"https:\/\/www.cordobatimes.com\/showup\/wp-json\/wp\/v2\/tags?post=99557"}],"curies":[{"name":"wp","href":"https:\/\/api.w.org\/{rel}","templated":true}]}}